{"id":10011,"date":"2025-02-18T17:12:06","date_gmt":"2025-02-18T17:12:06","guid":{"rendered":"https:\/\/haberbesiktas.tr\/?p=10011"},"modified":"2025-02-18T17:12:06","modified_gmt":"2025-02-18T17:12:06","slug":"omer-erdogan-cok-kritik-mactan-galip-ayrildik","status":"publish","type":"post","link":"https:\/\/haberbesiktas.tr\/?p=10011","title":{"rendered":"\u00d6mer Erdo\u011fan: &#8220;\u00c7ok kritik ma\u00e7tan galip ayr\u0131ld\u0131k&#8221;"},"content":{"rendered":"<div>\n<p>Trendyol Harika Lig&#8217;in 21. haftas\u0131nda konuk etti\u011fi Bellona Kayserispor&#8217;u 5-2 yenen Net K\u00fcresel Sivasspor&#8217;da teknik y\u00f6netici \u00d6mer Erdo\u011fan, galibiyetten \u00f6t\u00fcr\u00fc memnun olduklar\u0131n\u0131 s\u00f6yledi.<\/p>\n<p> Erdo\u011fan, m\u00fcsabakan\u0131n akabinde BG K\u00fcme 4 Eyl\u00fcl Stad\u0131&#8217;nda d\u00fczenlenen bas\u0131n toplant\u0131s\u0131nda, Bolu Kartalkaya Kayak Merkezi&#8217;ndeki Grand Kartal Otel&#8217;de \u00e7\u0131kan yang\u0131nda hayat\u0131n\u0131 kaybedenlere Allah&#8217;tan rahmet, yak\u0131nlar\u0131na ba\u015fsa\u011fl\u0131\u011f\u0131 diledi.<\/p>\n<p> Ma\u00e7ta galip geldikleri i\u00e7in keyifli olduklar\u0131n\u0131 belirten Erdo\u011fan,<strong> &#8220;Oyuncular\u0131ma alanda verdikleri gayretten \u00f6t\u00fcr\u00fc te\u015fekk\u00fcr ederim.&#8221;<\/strong> dedi.\u00a0<\/p>\n<p> M\u00fcsabakaya \u00e7ok \u00e2l\u00e2 ba\u015flad\u0131klar\u0131n\u0131 ve 10 dakikada 2 gol bulduklar\u0131n\u0131 aktaran Erdo\u011fan, <strong>&#8220;Rakip 10 ki\u015fi kald\u0131 ve o k\u0131s\u0131mda a\u00e7\u0131k\u00e7as\u0131 11&#8217;e 11 oynad\u0131\u011f\u0131m\u0131zdan daha mak\u00fbs bir periyot oldu. \u0130ster istemez Kayserispor&#8217;un da bulundu\u011fu durum, 10 ki\u015fi kalmas\u0131na kar\u015f\u0131n kaybedecek bir \u015feylerinin olmad\u0131\u011f\u0131n\u0131 d\u00fc\u015f\u00fcnerek atak ve pas yapmaya \u00e7al\u0131\u015ft\u0131lar.&#8221;<\/strong> diye konu\u015ftu.\u00a0<\/p>\n<p> <strong>&#8211; &#8220;\u00c7ok kritik bir ma\u00e7t\u0131&#8221;<\/strong><\/p>\n<p> <strong><em>Devre ortas\u0131nda oyuncular\u0131n\u0131 uyard\u0131\u011f\u0131n\u0131 lisana getiren Erdo\u011fan, \u015funlar\u0131 kaydetti:<\/em><\/strong><\/p>\n<p> &#8220;Bu i\u015fin latifesi olmaz, futbolda bug\u00fcne kadar olmu\u015f \u015feyler. Katiyen t\u0131pk\u0131 istek ve i\u015ftahla, birebir disiplinle \u00e7abaya devam etmemiz gerekti\u011fini s\u00f6yledim. Bulabildi\u011fimiz kadar konum, bulabildi\u011fimiz kadar goller bulmam\u0131z gerekti\u011fini s\u00f6yledim. \u0130kinci yar\u0131n\u0131n birinci dakikas\u0131nda yedi\u011fimiz gol gereksiz yere bizi tela\u015fa soktu. Bir periyot topu rakibe verdik, durumlar yedik. A\u00e7\u0131k\u00e7as\u0131 ikinci yar\u0131n\u0131n kimi k\u0131s\u0131mlar\u0131ndan \u00e7ok mutlu oldu\u011fumu s\u00f6yleyemem. Uzun m\u00fcddettir galip gelemeyen bir durumumuz vard\u0131. Ma\u00e7\u0131 herkes \u00e7ok istiyordu ve ma\u00e7\u0131n ba\u015flang\u0131c\u0131nda bunu rakibe ve kendimize hissettirdik. \u00c7ok uyarmam\u0131za kar\u015f\u0131n ikinci yar\u0131n\u0131n ba\u015f\u0131nda yedi\u011fimiz golle a\u00e7\u0131k\u00e7as\u0131 rakibi oyuna dahil ettik. Galip geldik, bu ma\u00e7\u0131n kimi k\u0131s\u0131mlar\u0131ndan de ders \u00e7\u0131kartmam\u0131z gerekiyor. Memnunuz, hepimizin \u00fczerinde inan\u0131lmaz bir bask\u0131 olu\u015fmu\u015ftu, \u00e7ok kritik bir ma\u00e7t\u0131. Tahminen hanemize 3 puan yazd\u0131rd\u0131k lakin birtak\u0131m ma\u00e7larda deniliyor ya 6 puanl\u0131k bir ma\u00e7t\u0131. Direkt alt\u0131m\u0131zdaki rakip ve puan kayb\u0131nda \u00e7ok daha badireye girebilirdik. Allah&#8217;a \u00e7ok \u015f\u00fck\u00fcr bug\u00fcn galip gelmeyi bildik.&#8221;<\/p>\n<p> Erdo\u011fan, gruplar\u0131na dayanak veren taraftarlara da te\u015fekk\u00fcr etti.\u00a0<\/p>\n<p> Ma\u00e7ta talih verdi\u011fi yeni transferleri Tolga Ci\u011ferci ve Efkan Bekiro\u011flu&#8217;nun performans\u0131ndan mutlu oldu\u011funu s\u00f6yleyen Erdo\u011fan, gen\u00e7 futbolculara da vakit zaman baht verece\u011fini s\u00f6z etti.<\/p>\n<p> <strong>&#8211; &#8220;4-5 alternatif oyuncu aday\u0131m\u0131z var&#8221;<\/strong><\/p>\n<p> Transfer \u00e7al\u0131\u015fmalar\u0131na da de\u011finen Erdo\u011fan, savunma manas\u0131nda transfer aray\u0131\u015flar\u0131n\u0131n olmad\u0131\u011f\u0131n\u0131 aktard\u0131.\u00a0<\/p>\n<p> Bir yabanc\u0131 oyuncu haklar\u0131n\u0131n kald\u0131\u011f\u0131n\u0131 belirten Erdo\u011fan, <strong>&#8220;Onu da savunma s\u0131n\u0131r\u0131 i\u00e7in kullanmayaca\u011f\u0131z. Transfer konusunda zorlan\u0131yoruz, zorlanma nedenimiz de kaliteli ve bize katk\u0131 sa\u011flayacak oyuncu a\u00e7\u0131k\u00e7as\u0131 \u015fu ana kadar \u00e7ok net bir bi\u00e7imde az bulduk. 4-5 alternatif oyuncu aday\u0131m\u0131z var.&#8221;<\/strong> dedi.<\/p>\n<p> Misyona geldi\u011fi g\u00fcnden itibaren transfer \u00e7al\u0131\u015fmalar\u0131 i\u00e7in yakla\u015f\u0131k 500 oyuncuyu izledi\u011fini belirten Erdo\u011fan, <strong>&#8220;500&#8217;den 5&#8217;e indirdik ve bunlar bize \u015fu periyot yard\u0131mc\u0131 olabilece\u011fine inand\u0131\u011f\u0131m\u0131z oyuncular. Onlarla da kul\u00fcb\u00fcm\u00fcz g\u00f6r\u00fc\u015fme halinde. Bu bir s\u00fcre\u00e7 zira oyuncular\u0131n mukaveleleri devam ediyor, hepsi oynayan oyuncular. Biz buna da dikkat etmeye \u00e7al\u0131\u015f\u0131yoruz, mukaveleler devam etti\u011fi i\u00e7in bunun da mali bir y\u00fck\u00fc var.&#8221;<\/strong> s\u00f6zlerini kulland\u0131.\u00a0<\/p>\n<p> <em><strong>Erdo\u011fan, yaln\u0131zca transfer yapmak i\u00e7in oyuncu almak istemediklerini vurgulayarak, \u015f\u00f6yle konu\u015ftu:\u00a0<\/strong><\/em><\/p>\n<p> &#8220;Bize yard\u0131mc\u0131 olabilecek, ekip kalitesini daha da \u00fcste \u00e7\u0131kartabilecek oyuncu ar\u0131yoruz. Kul\u00fcplerin muhakkak bir harcama limitleri oldu\u011fu i\u00e7in transfer piyasas\u0131 \u00e7ok dingin. Birebir vakitte \u00f6teki kul\u00fcpler de kendilerine yard\u0131mc\u0131 olabilecek oyuncular\u0131 bulmakta zorland\u0131\u011f\u0131 i\u00e7in. \u015eu an acil bir formda ofansif manada tak\u0131m\u0131m\u0131z\u0131 geni\u015fletmek istiyoruz ve rekabete sokabilecek bir oyuncu ar\u0131yoruz. Transfer s\u00fcrecinde muhta\u00e7l\u0131k duyarsak, sakatl\u0131k olur yahut uygun bir oyuncu d\u00fc\u015ferse ba\u015fka durumlar\u0131 da k\u0131ymetlendiririz.&#8221;\u00a0<\/p>\n<\/div>\n","protected":false},"excerpt":{"rendered":"<p>Net K\u00fcresel Sivasspor Teknik Y\u00f6neticisi \u00d6mer Erdo\u011fan, alanlar\u0131nda Kayserispor&#8217;u 5-2 ma\u011flup ettikleri ma\u00e7\u0131n akabinde a\u00e7\u0131klamalarda bulundu.<\/p>\n","protected":false},"author":1,"featured_media":10012,"comment_status":"open","ping_status":"open","sticky":false,"template":"","format":"standard","meta":{"footnotes":""},"categories":[25],"tags":[254,49,48],"class_list":["post-10011","post","type-post","status-publish","format-standard","has-post-thumbnail","hentry","category-futbol","tag-erdogan","tag-oyuncu","tag-transfer"],"_links":{"self":[{"href":"https:\/\/haberbesiktas.tr\/index.php?rest_route=\/wp\/v2\/posts\/10011","targetHints":{"allow":["GET"]}}],"collection":[{"href":"https:\/\/haberbesiktas.tr\/index.php?rest_route=\/wp\/v2\/posts"}],"about":[{"href":"https:\/\/haberbesiktas.tr\/index.php?rest_route=\/wp\/v2\/types\/post"}],"author":[{"embeddable":true,"href":"https:\/\/haberbesiktas.tr\/index.php?rest_route=\/wp\/v2\/users\/1"}],"replies":[{"embeddable":true,"href":"https:\/\/haberbesiktas.tr\/index.php?rest_route=%2Fwp%2Fv2%2Fcomments&post=10011"}],"version-history":[{"count":1,"href":"https:\/\/haberbesiktas.tr\/index.php?rest_route=\/wp\/v2\/posts\/10011\/revisions"}],"predecessor-version":[{"id":10013,"href":"https:\/\/haberbesiktas.tr\/index.php?rest_route=\/wp\/v2\/posts\/10011\/revisions\/10013"}],"wp:featuredmedia":[{"embeddable":true,"href":"https:\/\/haberbesiktas.tr\/index.php?rest_route=\/wp\/v2\/media\/10012"}],"wp:attachment":[{"href":"https:\/\/haberbesiktas.tr\/index.php?rest_route=%2Fwp%2Fv2%2Fmedia&parent=10011"}],"wp:term":[{"taxonomy":"category","embeddable":true,"href":"https:\/\/haberbesiktas.tr\/index.php?rest_route=%2Fwp%2Fv2%2Fcategories&post=10011"},{"taxonomy":"post_tag","embeddable":true,"href":"https:\/\/haberbesiktas.tr\/index.php?rest_route=%2Fwp%2Fv2%2Ftags&post=10011"}],"curies":[{"name":"wp","href":"https:\/\/api.w.org\/{rel}","templated":true}]}}