{"id":10140,"date":"2025-02-19T03:48:05","date_gmt":"2025-02-19T03:48:05","guid":{"rendered":"https:\/\/haberbesiktas.tr\/?p=10140"},"modified":"2025-02-19T03:48:05","modified_gmt":"2025-02-19T03:48:05","slug":"avustralya-acik-finalinde-sinner-ile-zverev-karsilasacak","status":"publish","type":"post","link":"https:\/\/haberbesiktas.tr\/?p=10140","title":{"rendered":"Avustralya A\u00e7\u0131k finalinde Sinner ile Zverev kar\u015f\u0131la\u015facak"},"content":{"rendered":"<div> D\u00f6nemin birinci grand slam tenis turnuvas\u0131\u00a0Avustralya\u00a0A\u00e7\u0131k&#8217;\u0131n finalinde tek erkeklerin d\u00fcnya 1 ve 2 numaras\u0131 \u0130talyan Jannik Sinner ile Alman raket Alexander Zverev kar\u015f\u0131 kar\u015f\u0131ya gelecek.<\/p>\n<p> Melbourne kentinde d\u00fczenlenen turnuvan\u0131n son g\u00fcn\u00fcndeki final ma\u00e7\u0131nda tek erkeklerin d\u00fcnya 1 numaras\u0131 ve\u00a0Avustralya\u00a0A\u00e7\u0131k&#8217;ta son \u015fampiyon Sinner ile 2 numaral\u0131 seriba\u015f\u0131 Zverev gayret edecek.<\/p>\n<p> Son \u015fampiyon Sinner, ABD&#8217;li Ben Shelton&#8217;\u0131 (21 numaral\u0131 seriba\u015f\u0131) 7-6, 6-2 ve 6-2&#8217;lik setlerle 3-0 yenerek ismini finale yazd\u0131rd\u0131.<\/p>\n<p> Zverev ise 10&#8217;u\u00a0Avustralya\u00a0A\u00e7\u0131k, 24 grand slam zaferi bulunan S\u0131rp rakibi Novak Djokovic&#8217;in yar\u0131 final ma\u00e7\u0131n\u0131n birinci setinde sakatlanarak oyuna devam edememesi sonras\u0131 finale y\u00fckseldi.<\/p>\n<p> Alman raket, S\u0131rp rakibine kar\u015f\u0131 birinci seti 7-6 kazan\u0131rken Djokovic, sol baca\u011f\u0131ndaki sakatl\u0131k nedeniyle m\u00fcsabakada ikinci sete \u00e7\u0131kamad\u0131 ve Zverev, finalde Sinner&#8217;in rakibi oldu.<\/p>\n<p> Sinner ile Zverev&#8217;in kar\u015f\u0131la\u015faca\u011f\u0131 tek erkekler finali, TS\u0130 11:30&#8217;da ba\u015flayacak.<\/p>\n<p><strong>TIKLA VE B\u0130LYONER&#8217;DE \u00c7ABUCAK OYNA<\/strong><\/p>\n<p><img decoding=\"async\" src=\"https:\/\/haberbesiktas.tr\/wp-content\/uploads\/2025\/02\/avustralya-acik-finalinde-sinner-ile-zverev-karsilasacak-0-LdBJ4ChS.jpg\"\/><\/p><\/div>\n","protected":false},"excerpt":{"rendered":"<p>Avustralya A\u00e7\u0131k&#8217;\u0131n finalinde tek erkeklerin d\u00fcnya 1 ve 2 numaras\u0131 \u0130talyan Jannik Sinner ile Alman raket Alexander Zverev kar\u015f\u0131 kar\u015f\u0131ya gelecek.<\/p>\n","protected":false},"author":1,"featured_media":10141,"comment_status":"open","ping_status":"open","sticky":false,"template":"","format":"standard","meta":{"footnotes":""},"categories":[38],"tags":[235,1155,1154],"class_list":["post-10140","post","type-post","status-publish","format-standard","has-post-thumbnail","hentry","category-tenis","tag-final","tag-sinner","tag-zverev"],"_links":{"self":[{"href":"https:\/\/haberbesiktas.tr\/index.php?rest_route=\/wp\/v2\/posts\/10140","targetHints":{"allow":["GET"]}}],"collection":[{"href":"https:\/\/haberbesiktas.tr\/index.php?rest_route=\/wp\/v2\/posts"}],"about":[{"href":"https:\/\/haberbesiktas.tr\/index.php?rest_route=\/wp\/v2\/types\/post"}],"author":[{"embeddable":true,"href":"https:\/\/haberbesiktas.tr\/index.php?rest_route=\/wp\/v2\/users\/1"}],"replies":[{"embeddable":true,"href":"https:\/\/haberbesiktas.tr\/index.php?rest_route=%2Fwp%2Fv2%2Fcomments&post=10140"}],"version-history":[{"count":1,"href":"https:\/\/haberbesiktas.tr\/index.php?rest_route=\/wp\/v2\/posts\/10140\/revisions"}],"predecessor-version":[{"id":10143,"href":"https:\/\/haberbesiktas.tr\/index.php?rest_route=\/wp\/v2\/posts\/10140\/revisions\/10143"}],"wp:featuredmedia":[{"embeddable":true,"href":"https:\/\/haberbesiktas.tr\/index.php?rest_route=\/wp\/v2\/media\/10141"}],"wp:attachment":[{"href":"https:\/\/haberbesiktas.tr\/index.php?rest_route=%2Fwp%2Fv2%2Fmedia&parent=10140"}],"wp:term":[{"taxonomy":"category","embeddable":true,"href":"https:\/\/haberbesiktas.tr\/index.php?rest_route=%2Fwp%2Fv2%2Fcategories&post=10140"},{"taxonomy":"post_tag","embeddable":true,"href":"https:\/\/haberbesiktas.tr\/index.php?rest_route=%2Fwp%2Fv2%2Ftags&post=10140"}],"curies":[{"name":"wp","href":"https:\/\/api.w.org\/{rel}","templated":true}]}}