{"id":10152,"date":"2025-02-19T04:24:05","date_gmt":"2025-02-19T04:24:05","guid":{"rendered":"https:\/\/haberbesiktas.tr\/?p=10152"},"modified":"2025-02-19T04:24:05","modified_gmt":"2025-02-19T04:24:05","slug":"victor-osimhen-aglayin","status":"publish","type":"post","link":"https:\/\/haberbesiktas.tr\/?p=10152","title":{"rendered":"Victor Osimhen: &#8220;A\u011flay\u0131n!&#8221;"},"content":{"rendered":"<div>Galatasaray&#8217;\u0131n Nijeryal\u0131 y\u0131ld\u0131z\u0131 Victor Osimhen, Konyaspor ma\u00e7\u0131 sonras\u0131 bas\u0131na a\u00e7\u0131klamalarda bulundu.<\/p>\n<p>Gol sevincinin sebebi hakk\u0131nda konu\u015fan Osimhen, <strong>&#8220;<\/strong><span><strong>Bizimle ilgili ajandalar\u0131 olanlar a\u011flamaya devam edebilir.&#8221;<\/strong> s\u00f6zlerini kulland\u0131.<\/p>\n<p>\u00d6te yandan hafta i\u00e7inde bir gazeteciye sald\u0131rd\u0131\u011f\u0131 taraf\u0131ndaki tezleri yalanlayan Osimhen, <strong>&#8220;Gazetecilere vurmad\u0131m onlar palavra s\u00f6yl\u00fcyor. Neden y\u00fcz\u00fcme fla\u015f tutuyorsunuz r\u00f6portaj i\u00e7in m\u00fcsaade istemeniz gerekiyor. Foto\u011fraflar\u0131m\u0131 silmek zorunda olduklar\u0131n\u0131 s\u00f6yledim. Onlara vurmak istesem yapard\u0131m.&#8221;<\/strong> s\u00f6zlerini kulland\u0131.<\/span><\/div>\n","protected":false},"excerpt":{"rendered":"<p>Galatasaray&#8217;\u0131n Nijeryal\u0131 y\u0131ld\u0131z\u0131 Victor Osimhen, Konyaspor ma\u00e7\u0131 sonras\u0131 bas\u0131na a\u00e7\u0131klamalarda bulundu.<\/p>\n","protected":false},"author":1,"featured_media":10153,"comment_status":"open","ping_status":"open","sticky":false,"template":"","format":"standard","meta":{"footnotes":""},"categories":[25],"tags":[],"class_list":["post-10152","post","type-post","status-publish","format-standard","has-post-thumbnail","hentry","category-futbol"],"_links":{"self":[{"href":"https:\/\/haberbesiktas.tr\/index.php?rest_route=\/wp\/v2\/posts\/10152","targetHints":{"allow":["GET"]}}],"collection":[{"href":"https:\/\/haberbesiktas.tr\/index.php?rest_route=\/wp\/v2\/posts"}],"about":[{"href":"https:\/\/haberbesiktas.tr\/index.php?rest_route=\/wp\/v2\/types\/post"}],"author":[{"embeddable":true,"href":"https:\/\/haberbesiktas.tr\/index.php?rest_route=\/wp\/v2\/users\/1"}],"replies":[{"embeddable":true,"href":"https:\/\/haberbesiktas.tr\/index.php?rest_route=%2Fwp%2Fv2%2Fcomments&post=10152"}],"version-history":[{"count":1,"href":"https:\/\/haberbesiktas.tr\/index.php?rest_route=\/wp\/v2\/posts\/10152\/revisions"}],"predecessor-version":[{"id":10154,"href":"https:\/\/haberbesiktas.tr\/index.php?rest_route=\/wp\/v2\/posts\/10152\/revisions\/10154"}],"wp:featuredmedia":[{"embeddable":true,"href":"https:\/\/haberbesiktas.tr\/index.php?rest_route=\/wp\/v2\/media\/10153"}],"wp:attachment":[{"href":"https:\/\/haberbesiktas.tr\/index.php?rest_route=%2Fwp%2Fv2%2Fmedia&parent=10152"}],"wp:term":[{"taxonomy":"category","embeddable":true,"href":"https:\/\/haberbesiktas.tr\/index.php?rest_route=%2Fwp%2Fv2%2Fcategories&post=10152"},{"taxonomy":"post_tag","embeddable":true,"href":"https:\/\/haberbesiktas.tr\/index.php?rest_route=%2Fwp%2Fv2%2Ftags&post=10152"}],"curies":[{"name":"wp","href":"https:\/\/api.w.org\/{rel}","templated":true}]}}