{"id":10161,"date":"2025-02-19T05:00:06","date_gmt":"2025-02-19T05:00:06","guid":{"rendered":"https:\/\/haberbesiktas.tr\/?p=10161"},"modified":"2025-02-19T05:00:06","modified_gmt":"2025-02-19T05:00:06","slug":"besiktas-gozunu-southamptona-dikti","status":"publish","type":"post","link":"https:\/\/haberbesiktas.tr\/?p=10161","title":{"rendered":"Be\u015fikta\u015f g\u00f6z\u00fcn\u00fc Southampton&#8217;a dikti!"},"content":{"rendered":"<div>Be\u015fikta\u015f&#8217;ta orta transfer \u00e7al\u0131\u015fmalar\u0131 devam ediyor.\u00a0<\/p>\n<p>Siyah-beyazl\u0131lar, Paul Onuachu&#8217;dan sonra Southampton&#8217;da forma giyen bir \u00f6teki oyuncu Joe Aribo&#8217;yu g\u00fcndemine ald\u0131.\u00a0<\/p>\n<p><span><span>\u0130ngiliz bas\u0131n\u0131ndan Daily Mail&#8217;in haberine nazaran;\u00a0<\/span><\/span>Cher Ndour ve Al-Musrati ile yollar\u0131n\u0131 ay\u0131rmaya haz\u0131rlanan Siyah-Beyazl\u0131lar, orta saha deste\u011fi i\u00e7in Nijeryal\u0131 y\u0131ld\u0131zla temas kuracak. <\/p>\n<p>Premier Lig&#8217;de 20. s\u0131rada bulunan ekibinde memnun olmayan ve mukavelesi 2026 haziranda bitecek 28 ya\u015f\u0131ndaki futbolcu, Kara Kartal&#8217;a s\u0131cak bakabilir. Be\u015fikta\u015f, d\u00f6nem ba\u015f\u0131nda Aribo i\u00e7in temaslarda bulunmu\u015f lakin transferde ba\u015far\u0131l\u0131 olamam\u0131\u015ft\u0131.<\/p>\n<p> <strong>TAKIMI K\u00dcME D\u00dc\u015eEB\u0130L\u0130R<\/strong><\/p>\n<p>Ligde son s\u0131rada bulunan ekibinin y\u00fcksek ihtimalle k\u00fcme d\u00fc\u015fece\u011fini d\u00fc\u015f\u00fcnen Aribo, orta transfer devrinde yahut en ge\u00e7 yaz aylar\u0131nda \u00f6teki bir gruba gitmek istiyor. <\/p>\n<p>Y\u0131ld\u0131z oyuncu, eski kul\u00fcb\u00fc Rangers ile bir g\u00f6r\u00fc\u015fme ger\u00e7ekle\u015ftirdi ancak maa\u015f konusunda mutabakat sa\u011flanamad\u0131.<\/p>\n<p> <strong>2.1 M\u0130LYON EURO MAA\u015e ALIYOR<\/strong><\/p>\n<p>Nijeryal\u0131 orta saha, 2.1 milyon Euro&#8217;luk net gelirinde d\u00fc\u015f\u00fc\u015f yapmak istemiyor. Daiy Mail; Aribo&#8217;nun, Be\u015fikta\u015f&#8217;\u0131n listesinde yer ald\u0131\u011f\u0131n\u0131 ve maa\u015f konusunda Siyah-Beyazl\u0131lar&#8217;la mutabakat\u0131n sa\u011flanabilece\u011fini sav etti. <\/p>\n<p>Yetenekli oyuncu bu d\u00f6nem 25 resmi ma\u00e7ta bin 641 dakika alanda kald\u0131 ve 2 gol att\u0131.<\/p>\n<\/div>\n","protected":false},"excerpt":{"rendered":"<p>Orta transfer periyodu i\u00e7in \u00e7al\u0131\u015fmalar\u0131na tam gaz devam eden Be\u015fikta\u015f i\u00e7in \u0130ngiliz bas\u0131n\u0131 s\u00fcrpriz bir sav ortaya att\u0131. Siyah beyazl\u0131 tak\u0131m, Southampton&#8217;dan ayr\u0131lmay\u0131 d\u00fc\u015f\u00fcnen Joe Aribo&#8217;yu g\u00fcndemine ald\u0131.<\/p>\n","protected":false},"author":1,"featured_media":10162,"comment_status":"open","ping_status":"open","sticky":false,"template":"","format":"standard","meta":{"footnotes":""},"categories":[25],"tags":[],"class_list":["post-10161","post","type-post","status-publish","format-standard","has-post-thumbnail","hentry","category-futbol"],"_links":{"self":[{"href":"https:\/\/haberbesiktas.tr\/index.php?rest_route=\/wp\/v2\/posts\/10161","targetHints":{"allow":["GET"]}}],"collection":[{"href":"https:\/\/haberbesiktas.tr\/index.php?rest_route=\/wp\/v2\/posts"}],"about":[{"href":"https:\/\/haberbesiktas.tr\/index.php?rest_route=\/wp\/v2\/types\/post"}],"author":[{"embeddable":true,"href":"https:\/\/haberbesiktas.tr\/index.php?rest_route=\/wp\/v2\/users\/1"}],"replies":[{"embeddable":true,"href":"https:\/\/haberbesiktas.tr\/index.php?rest_route=%2Fwp%2Fv2%2Fcomments&post=10161"}],"version-history":[{"count":1,"href":"https:\/\/haberbesiktas.tr\/index.php?rest_route=\/wp\/v2\/posts\/10161\/revisions"}],"predecessor-version":[{"id":10163,"href":"https:\/\/haberbesiktas.tr\/index.php?rest_route=\/wp\/v2\/posts\/10161\/revisions\/10163"}],"wp:featuredmedia":[{"embeddable":true,"href":"https:\/\/haberbesiktas.tr\/index.php?rest_route=\/wp\/v2\/media\/10162"}],"wp:attachment":[{"href":"https:\/\/haberbesiktas.tr\/index.php?rest_route=%2Fwp%2Fv2%2Fmedia&parent=10161"}],"wp:term":[{"taxonomy":"category","embeddable":true,"href":"https:\/\/haberbesiktas.tr\/index.php?rest_route=%2Fwp%2Fv2%2Fcategories&post=10161"},{"taxonomy":"post_tag","embeddable":true,"href":"https:\/\/haberbesiktas.tr\/index.php?rest_route=%2Fwp%2Fv2%2Ftags&post=10161"}],"curies":[{"name":"wp","href":"https:\/\/api.w.org\/{rel}","templated":true}]}}