{"id":10164,"date":"2025-02-19T05:12:06","date_gmt":"2025-02-19T05:12:06","guid":{"rendered":"https:\/\/haberbesiktas.tr\/?p=10164"},"modified":"2025-02-19T05:12:06","modified_gmt":"2025-02-19T05:12:06","slug":"halil-ozer-mhk-derbiye-halil-umut-meleri-hazirliyor","status":"publish","type":"post","link":"https:\/\/haberbesiktas.tr\/?p=10164","title":{"rendered":"Halil \u00d6zer: &#8220;MHK, derbiye Halil Umut Meler&#8217;i haz\u0131rl\u0131yor&#8221;"},"content":{"rendered":"<div>Milliyet muharriri Halil \u00d6zer, Merkez Hakem Konseyi&#8217;nin Galatasaray &#8211; Fenerbah\u00e7e ma\u00e7\u0131na Halil Umut Meler&#8217;i haz\u0131rlad\u0131\u011f\u0131n\u0131 arg\u00fcman etti.<\/p>\n<p>Galatasaray &#8211; Konyaspor ma\u00e7\u0131 sonras\u0131 gazetedeki k\u00f6\u015fesinde de\u011ferlendirmelerde bulunan \u00d6zer,\u00a0<span>\u00a0<strong>&#8220;Bence hoca art\u0131k yapam\u0131yor. \u00c7ok fazla zorlamamak laz\u0131m. Fakat duydu\u011fuma nazaran MHK Halil hocay\u0131 Galatasaray- Fenerbah\u00e7e ma\u00e7\u0131na haz\u0131rl\u0131yor. Ben aman diyeyim&#8230;&#8221;<\/strong> tabirlerini kulland\u0131.<\/p>\n<p><strong>DAHA EVVEL 3 KERE Y\u00d6NETT\u0130<\/strong><br \/><\/span> <\/p>\n<div> Daha evvel 3 kere Galatasaray &#8211; Fenerbah\u00e7e ma\u00e7lar\u0131nda misyon yapan Halil Umut Meler&#8217;in y\u00f6netti\u011fi derbilerde al\u0131nan sonu\u00e7lar \u015fu halde;<\/p>\n<p> 23.03.2020 Fenerbah\u00e7e 1-3 Galatasaray<br \/>21.11.2021 Galatasaray 1-2 Fenerbah\u00e7e<br \/>08.01.2023 Fenerbah\u00e7e 0-3 Galatasaray<\/p>\n<div>\u00a0<\/div>\n<\/p><\/div>\n<\/div>\n","protected":false},"excerpt":{"rendered":"<p>Milliyet muharriri Halil \u00d6zer, Merkez Hakem \u015euras\u0131&#8217;n\u0131n Galatasaray &#8211; Fenerbah\u00e7e ma\u00e7\u0131na Halil Umut Meler&#8217;i haz\u0131rlad\u0131\u011f\u0131n\u0131 arg\u00fcman etti.<\/p>\n","protected":false},"author":1,"featured_media":10165,"comment_status":"open","ping_status":"open","sticky":false,"template":"","format":"standard","meta":{"footnotes":""},"categories":[25],"tags":[115,129],"class_list":["post-10164","post","type-post","status-publish","format-standard","has-post-thumbnail","hentry","category-futbol","tag-fenerbahce","tag-galatasaray"],"_links":{"self":[{"href":"https:\/\/haberbesiktas.tr\/index.php?rest_route=\/wp\/v2\/posts\/10164","targetHints":{"allow":["GET"]}}],"collection":[{"href":"https:\/\/haberbesiktas.tr\/index.php?rest_route=\/wp\/v2\/posts"}],"about":[{"href":"https:\/\/haberbesiktas.tr\/index.php?rest_route=\/wp\/v2\/types\/post"}],"author":[{"embeddable":true,"href":"https:\/\/haberbesiktas.tr\/index.php?rest_route=\/wp\/v2\/users\/1"}],"replies":[{"embeddable":true,"href":"https:\/\/haberbesiktas.tr\/index.php?rest_route=%2Fwp%2Fv2%2Fcomments&post=10164"}],"version-history":[{"count":1,"href":"https:\/\/haberbesiktas.tr\/index.php?rest_route=\/wp\/v2\/posts\/10164\/revisions"}],"predecessor-version":[{"id":10166,"href":"https:\/\/haberbesiktas.tr\/index.php?rest_route=\/wp\/v2\/posts\/10164\/revisions\/10166"}],"wp:featuredmedia":[{"embeddable":true,"href":"https:\/\/haberbesiktas.tr\/index.php?rest_route=\/wp\/v2\/media\/10165"}],"wp:attachment":[{"href":"https:\/\/haberbesiktas.tr\/index.php?rest_route=%2Fwp%2Fv2%2Fmedia&parent=10164"}],"wp:term":[{"taxonomy":"category","embeddable":true,"href":"https:\/\/haberbesiktas.tr\/index.php?rest_route=%2Fwp%2Fv2%2Fcategories&post=10164"},{"taxonomy":"post_tag","embeddable":true,"href":"https:\/\/haberbesiktas.tr\/index.php?rest_route=%2Fwp%2Fv2%2Ftags&post=10164"}],"curies":[{"name":"wp","href":"https:\/\/api.w.org\/{rel}","templated":true}]}}