{"id":10170,"date":"2025-02-19T05:48:06","date_gmt":"2025-02-19T05:48:06","guid":{"rendered":"https:\/\/haberbesiktas.tr\/?p=10170"},"modified":"2025-02-19T05:48:06","modified_gmt":"2025-02-19T05:48:06","slug":"mourinhodan-goztepeye-uclu-plan","status":"publish","type":"post","link":"https:\/\/haberbesiktas.tr\/?p=10170","title":{"rendered":"Mourinho&#8217;dan G\u00f6ztepe&#8217;ye &#8216;\u00fc\u00e7l\u00fc&#8217; plan"},"content":{"rendered":"<div>Fenerbah\u00e7e, G\u00f6ztepe&#8217;ye kar\u015f\u0131 da alanda \u00fc\u00e7l\u00fc savunma ile yer alacak.<\/p>\n<p> Uzun m\u00fcddettir gruptan farkl\u0131 kalan Jayden Oosterwolde ve Rodrigo Becao&#8217;nun yan\u0131 s\u0131ra kaleci Dominik Livakovic ile Mert M\u00fcld\u00fcr de sakatl\u0131klar\u0131 sebebiyle bu ak\u015fam oynamayacak.<\/p>\n<p> Mourinho&#8217;nun G\u00f6ztepe \u00f6n\u00fcnde 3&#8217;l\u00fc sistemi denemesi; Djiku, \u00c7a\u011flar ve Levent&#8217;i oynatmas\u0131 bekleniyor.<\/p>\n<p> Fenerbah\u00e7e&#8217;nin huduttaki tek ismi Szymanski sar\u0131 kart g\u00f6r\u00fcrse, \u00c7aykur Rizespor ma\u00e7\u0131nda\u00a0oynayamayacak.<\/p>\n<\/div>\n","protected":false},"excerpt":{"rendered":"<p>Fenerbah\u00e7e&#8217;nin, G\u00f6ztepe&#8217;ye kar\u015f\u0131 alanda \u00fc\u00e7l\u00fc savunma ile oynamas\u0131 bekleniyor.<\/p>\n","protected":false},"author":1,"featured_media":10171,"comment_status":"open","ping_status":"open","sticky":false,"template":"","format":"standard","meta":{"footnotes":""},"categories":[25],"tags":[],"class_list":["post-10170","post","type-post","status-publish","format-standard","has-post-thumbnail","hentry","category-futbol"],"_links":{"self":[{"href":"https:\/\/haberbesiktas.tr\/index.php?rest_route=\/wp\/v2\/posts\/10170","targetHints":{"allow":["GET"]}}],"collection":[{"href":"https:\/\/haberbesiktas.tr\/index.php?rest_route=\/wp\/v2\/posts"}],"about":[{"href":"https:\/\/haberbesiktas.tr\/index.php?rest_route=\/wp\/v2\/types\/post"}],"author":[{"embeddable":true,"href":"https:\/\/haberbesiktas.tr\/index.php?rest_route=\/wp\/v2\/users\/1"}],"replies":[{"embeddable":true,"href":"https:\/\/haberbesiktas.tr\/index.php?rest_route=%2Fwp%2Fv2%2Fcomments&post=10170"}],"version-history":[{"count":1,"href":"https:\/\/haberbesiktas.tr\/index.php?rest_route=\/wp\/v2\/posts\/10170\/revisions"}],"predecessor-version":[{"id":10172,"href":"https:\/\/haberbesiktas.tr\/index.php?rest_route=\/wp\/v2\/posts\/10170\/revisions\/10172"}],"wp:featuredmedia":[{"embeddable":true,"href":"https:\/\/haberbesiktas.tr\/index.php?rest_route=\/wp\/v2\/media\/10171"}],"wp:attachment":[{"href":"https:\/\/haberbesiktas.tr\/index.php?rest_route=%2Fwp%2Fv2%2Fmedia&parent=10170"}],"wp:term":[{"taxonomy":"category","embeddable":true,"href":"https:\/\/haberbesiktas.tr\/index.php?rest_route=%2Fwp%2Fv2%2Fcategories&post=10170"},{"taxonomy":"post_tag","embeddable":true,"href":"https:\/\/haberbesiktas.tr\/index.php?rest_route=%2Fwp%2Fv2%2Ftags&post=10170"}],"curies":[{"name":"wp","href":"https:\/\/api.w.org\/{rel}","templated":true}]}}