{"id":10173,"date":"2025-02-19T06:12:06","date_gmt":"2025-02-19T06:12:06","guid":{"rendered":"https:\/\/haberbesiktas.tr\/?p=10173"},"modified":"2025-02-19T06:12:06","modified_gmt":"2025-02-19T06:12:06","slug":"jose-mourinho-maci-tribunden-takip-edecek","status":"publish","type":"post","link":"https:\/\/haberbesiktas.tr\/?p=10173","title":{"rendered":"Jose Mourinho ma\u00e7\u0131 trib\u00fcnden takip edecek"},"content":{"rendered":"<div>Fenerbah\u00e7e&#8217;nin d\u00fcnyaca \u00fcnl\u00fc teknik y\u00f6neticisi Jose Mourinho, G\u00f6ztepe ma\u00e7\u0131nda kadronun ba\u015f\u0131nda yer alamayacak.<\/p>\n<p> \u00dcst\u00fcn Lig&#8217;deki Adana Demirspor ma\u00e7\u0131nda hakeme itirazdan \u00f6t\u00fcr\u00fc sonda oldu\u011fu u\u011fra\u015fta sar\u0131 kart g\u00f6ren Mourinho, cezas\u0131 sebebiyle Kad\u0131k\u00f6y&#8217;deki m\u00fcsabakay\u0131 trib\u00fcnden takip edecek.<\/p>\n<p> <strong>Jose Mourinho&#8217;nun sar\u0131 kart g\u00f6rd\u00fc\u011f\u00fc ma\u00e7lar \u015f\u00f6yle;<\/strong><\/p>\n<p> <strong>1-0 Adana Demirspor<\/strong><br \/><strong>2-0 Antalyaspor<\/strong><br \/><strong>3-2 Trabzonspor<\/strong><br \/><strong>4-0\u00a0Adana\u00a0Demirspor<\/strong><\/p>\n<\/div>\n","protected":false},"excerpt":{"rendered":"<p>Fenerbah\u00e7e Teknik Y\u00f6neticisi Jose Mourinho, cezas\u0131 nedeniyle G\u00f6ztepe ma\u00e7\u0131nda trib\u00fcnde olacak.<\/p>\n","protected":false},"author":1,"featured_media":10174,"comment_status":"open","ping_status":"open","sticky":false,"template":"","format":"standard","meta":{"footnotes":""},"categories":[25],"tags":[],"class_list":["post-10173","post","type-post","status-publish","format-standard","has-post-thumbnail","hentry","category-futbol"],"_links":{"self":[{"href":"https:\/\/haberbesiktas.tr\/index.php?rest_route=\/wp\/v2\/posts\/10173","targetHints":{"allow":["GET"]}}],"collection":[{"href":"https:\/\/haberbesiktas.tr\/index.php?rest_route=\/wp\/v2\/posts"}],"about":[{"href":"https:\/\/haberbesiktas.tr\/index.php?rest_route=\/wp\/v2\/types\/post"}],"author":[{"embeddable":true,"href":"https:\/\/haberbesiktas.tr\/index.php?rest_route=\/wp\/v2\/users\/1"}],"replies":[{"embeddable":true,"href":"https:\/\/haberbesiktas.tr\/index.php?rest_route=%2Fwp%2Fv2%2Fcomments&post=10173"}],"version-history":[{"count":1,"href":"https:\/\/haberbesiktas.tr\/index.php?rest_route=\/wp\/v2\/posts\/10173\/revisions"}],"predecessor-version":[{"id":10175,"href":"https:\/\/haberbesiktas.tr\/index.php?rest_route=\/wp\/v2\/posts\/10173\/revisions\/10175"}],"wp:featuredmedia":[{"embeddable":true,"href":"https:\/\/haberbesiktas.tr\/index.php?rest_route=\/wp\/v2\/media\/10174"}],"wp:attachment":[{"href":"https:\/\/haberbesiktas.tr\/index.php?rest_route=%2Fwp%2Fv2%2Fmedia&parent=10173"}],"wp:term":[{"taxonomy":"category","embeddable":true,"href":"https:\/\/haberbesiktas.tr\/index.php?rest_route=%2Fwp%2Fv2%2Fcategories&post=10173"},{"taxonomy":"post_tag","embeddable":true,"href":"https:\/\/haberbesiktas.tr\/index.php?rest_route=%2Fwp%2Fv2%2Ftags&post=10173"}],"curies":[{"name":"wp","href":"https:\/\/api.w.org\/{rel}","templated":true}]}}