{"id":10176,"date":"2025-02-19T06:24:05","date_gmt":"2025-02-19T06:24:05","guid":{"rendered":"https:\/\/haberbesiktas.tr\/?p=10176"},"modified":"2025-02-19T06:24:05","modified_gmt":"2025-02-19T06:24:05","slug":"fenerbahcenin-kozu-en-nesyri","status":"publish","type":"post","link":"https:\/\/haberbesiktas.tr\/?p=10176","title":{"rendered":"Fenerbah\u00e7e&#8217;nin kozu En-Nesyri"},"content":{"rendered":"<div>Son 11 lig ma\u00e7\u0131nda 9 gol ve 4 asist yapan Fenerbah\u00e7e&#8217;nin Fasl\u0131 golc\u00fcs\u00fc Youssef En-Nesyri, G\u00f6ztepe kar\u015f\u0131s\u0131nda Mourinho&#8217;nun kozu olacak.<\/p>\n<p> Avrupa&#8217;da Olimpik Lyon&#8217;u bo\u015f ge\u00e7en Youssef En-Nesyri, Trendyol S\u00fcper Lig&#8217;de ise s\u00fcrat kesmiyor&#8230;<\/p>\n<p> Fasl\u0131 golc\u00fc, ligdeki son Adana Demirspor m\u00fcsabakas\u0131nda 2 gol ve 1 asistle y\u0131ld\u0131zla\u015ft\u0131. En-Nesyri, son 19 lig imtihan\u0131nda rakip fileleri 10 defa havaland\u0131rd\u0131 ve 4 asist yapt\u0131.<\/p>\n<p> Son 11 lig ma\u00e7\u0131nda 9 gol ve 4 asistle skora toplamda 13 kere katk\u0131 sa\u011flayan 27 ya\u015f\u0131ndaki forvet, bu s\u00fcre\u00e7te yaln\u0131zca Be\u015fikta\u015f derbisi ve Konyaspor deplasman\u0131n\u0131\u00a0bo\u015f\u00a0ge\u00e7ti.<\/p>\n<\/div>\n","protected":false},"excerpt":{"rendered":"<p>Fenerbah\u00e7e&#8217;nin Fasl\u0131 golc\u00fcs\u00fc Youssef En-Nesyri, son 11 lig ma\u00e7\u0131nda kaydetti\u011fi 9 gol ve 4 asistle G\u00f6ztepe kar\u015f\u0131s\u0131nda Mourinho&#8217;nun en de\u011ferli kozu olacak.<\/p>\n","protected":false},"author":1,"featured_media":10177,"comment_status":"open","ping_status":"open","sticky":false,"template":"","format":"standard","meta":{"footnotes":""},"categories":[25],"tags":[77,51],"class_list":["post-10176","post","type-post","status-publish","format-standard","has-post-thumbnail","hentry","category-futbol","tag-gol","tag-lig"],"_links":{"self":[{"href":"https:\/\/haberbesiktas.tr\/index.php?rest_route=\/wp\/v2\/posts\/10176","targetHints":{"allow":["GET"]}}],"collection":[{"href":"https:\/\/haberbesiktas.tr\/index.php?rest_route=\/wp\/v2\/posts"}],"about":[{"href":"https:\/\/haberbesiktas.tr\/index.php?rest_route=\/wp\/v2\/types\/post"}],"author":[{"embeddable":true,"href":"https:\/\/haberbesiktas.tr\/index.php?rest_route=\/wp\/v2\/users\/1"}],"replies":[{"embeddable":true,"href":"https:\/\/haberbesiktas.tr\/index.php?rest_route=%2Fwp%2Fv2%2Fcomments&post=10176"}],"version-history":[{"count":1,"href":"https:\/\/haberbesiktas.tr\/index.php?rest_route=\/wp\/v2\/posts\/10176\/revisions"}],"predecessor-version":[{"id":10178,"href":"https:\/\/haberbesiktas.tr\/index.php?rest_route=\/wp\/v2\/posts\/10176\/revisions\/10178"}],"wp:featuredmedia":[{"embeddable":true,"href":"https:\/\/haberbesiktas.tr\/index.php?rest_route=\/wp\/v2\/media\/10177"}],"wp:attachment":[{"href":"https:\/\/haberbesiktas.tr\/index.php?rest_route=%2Fwp%2Fv2%2Fmedia&parent=10176"}],"wp:term":[{"taxonomy":"category","embeddable":true,"href":"https:\/\/haberbesiktas.tr\/index.php?rest_route=%2Fwp%2Fv2%2Fcategories&post=10176"},{"taxonomy":"post_tag","embeddable":true,"href":"https:\/\/haberbesiktas.tr\/index.php?rest_route=%2Fwp%2Fv2%2Ftags&post=10176"}],"curies":[{"name":"wp","href":"https:\/\/api.w.org\/{rel}","templated":true}]}}