{"id":10734,"date":"2025-02-21T06:12:07","date_gmt":"2025-02-21T06:12:07","guid":{"rendered":"https:\/\/haberbesiktas.tr\/?p=10734"},"modified":"2025-02-21T06:12:07","modified_gmt":"2025-02-21T06:12:07","slug":"fenerbahce-opet-valencianin-konugu","status":"publish","type":"post","link":"https:\/\/haberbesiktas.tr\/?p=10734","title":{"rendered":"Fenerbah\u00e7e Opet, Valencia&#8217;n\u0131n konu\u011fu"},"content":{"rendered":"<div>\n<div> Fenerbah\u00e7e Opet Bayan Basketbol Grubu, FIBA Kad\u0131nlar Avrupa Ligi ikinci cins F K\u00fcmesi alt\u0131nc\u0131 ma\u00e7\u0131nda sal\u0131 g\u00fcn\u00fc deplasmanda \u0130spanya&#8217;n\u0131n Valencia Basket grubuyla kar\u015f\u0131la\u015facak.<\/p>\n<p> Pabellon Fuente de San Luis&#8217;deki kar\u015f\u0131la\u015fma, TS\u0130 21.15&#8217;te ba\u015flayacak.<\/p>\n<p> Birinci cinste \u00e7\u0131kt\u0131\u011f\u0131 6 ma\u00e7\u0131 da kazanarak k\u00fcmesini \u00f6nder bitiren Fenerbah\u00e7e Opet, ikinci cinsteki 5 ma\u00e7\u0131n\u0131 da kazanarak F K\u00fcmesi&#8217;nde da liderli\u011fi garantiledi.<\/p>\n<p> Bu \u00e7e\u015fitte tek hezimetini Fenerbah\u00e7e Opet kar\u015f\u0131s\u0131nda ya\u015fayan \u0130spanyol grubu, ikinci s\u0131rada yer al\u0131yor.<\/p>\n<p> \u0130stanbul&#8217;da iki grup ortas\u0131nda oynanan birinci ma\u00e7\u0131 sar\u0131-lacivertliler, 92-56 kazand\u0131.<\/p><\/div>\n<\/div>\n","protected":false},"excerpt":{"rendered":"<p>Fenerbah\u00e7e Opet, FIBA Bayanlar Avrupa Ligi&#8217;nde sal\u0131 g\u00fcn\u00fc Valencia&#8217;ya konuk olacak.<\/p>\n","protected":false},"author":1,"featured_media":10735,"comment_status":"open","ping_status":"open","sticky":false,"template":"","format":"standard","meta":{"footnotes":""},"categories":[10],"tags":[],"class_list":["post-10734","post","type-post","status-publish","format-standard","has-post-thumbnail","hentry","category-basketbol"],"_links":{"self":[{"href":"https:\/\/haberbesiktas.tr\/index.php?rest_route=\/wp\/v2\/posts\/10734","targetHints":{"allow":["GET"]}}],"collection":[{"href":"https:\/\/haberbesiktas.tr\/index.php?rest_route=\/wp\/v2\/posts"}],"about":[{"href":"https:\/\/haberbesiktas.tr\/index.php?rest_route=\/wp\/v2\/types\/post"}],"author":[{"embeddable":true,"href":"https:\/\/haberbesiktas.tr\/index.php?rest_route=\/wp\/v2\/users\/1"}],"replies":[{"embeddable":true,"href":"https:\/\/haberbesiktas.tr\/index.php?rest_route=%2Fwp%2Fv2%2Fcomments&post=10734"}],"version-history":[{"count":1,"href":"https:\/\/haberbesiktas.tr\/index.php?rest_route=\/wp\/v2\/posts\/10734\/revisions"}],"predecessor-version":[{"id":10736,"href":"https:\/\/haberbesiktas.tr\/index.php?rest_route=\/wp\/v2\/posts\/10734\/revisions\/10736"}],"wp:featuredmedia":[{"embeddable":true,"href":"https:\/\/haberbesiktas.tr\/index.php?rest_route=\/wp\/v2\/media\/10735"}],"wp:attachment":[{"href":"https:\/\/haberbesiktas.tr\/index.php?rest_route=%2Fwp%2Fv2%2Fmedia&parent=10734"}],"wp:term":[{"taxonomy":"category","embeddable":true,"href":"https:\/\/haberbesiktas.tr\/index.php?rest_route=%2Fwp%2Fv2%2Fcategories&post=10734"},{"taxonomy":"post_tag","embeddable":true,"href":"https:\/\/haberbesiktas.tr\/index.php?rest_route=%2Fwp%2Fv2%2Ftags&post=10734"}],"curies":[{"name":"wp","href":"https:\/\/api.w.org\/{rel}","templated":true}]}}