{"id":10765,"date":"2025-02-21T08:48:06","date_gmt":"2025-02-21T08:48:06","guid":{"rendered":"https:\/\/haberbesiktas.tr\/?p=10765"},"modified":"2025-02-21T08:48:06","modified_gmt":"2025-02-21T08:48:06","slug":"dunyanin-en-iyi-hakemi-derbiye-talip","status":"publish","type":"post","link":"https:\/\/haberbesiktas.tr\/?p=10765","title":{"rendered":"D\u00fcnyan\u0131n en iyi hakemi, derbiye talip!"},"content":{"rendered":"<div>FIFA kokart\u0131 ta\u015f\u0131yan Polonyal\u0131 hakem Szymon Marciniak, Galatasaray ile Fenerbah\u00e7e ortas\u0131nda oynanacak olan kritik derbiyi y\u00f6netmeye talip oldu.<\/p>\n<p> <strong>TV100&#8217;den Ersin D\u00fczen&#8217;in<\/strong> &#8220;T\u00fcrkiye&#8217;den bu t\u00fcrl\u00fc bir davet gelse nas\u0131l bak\u0131rs\u0131n\u0131z?&#8221; sorusuna Marciniak, &#8220;<strong>B\u00f6yle bir davet gelmeden, bu t\u00fcrl\u00fc bir g\u00fcndem olmadan bir \u015fey s\u00f6ylemek istemem.<\/strong>&#8221; kar\u015f\u0131l\u0131\u011f\u0131n\u0131 verdi.<\/p>\n<p> Ersin Sistem&#8217;in &#8220;Galatasaray &#8211; Fenerbah\u00e7e derbisi yabanc\u0131 hakem taraf\u0131ndan y\u00f6netilecek \u00fczere duruyor. Siz d\u00fc\u015f\u00fcn\u00fcr m\u00fcs\u00fcn\u00fcz?&#8221; sorusuna ise &#8220;<strong>UEFA&#8217;da bir ma\u00e7 yahut Polonya Ligi&#8217;nde derbi yoksa, ben de g\u00f6revlendirilmeyeceksem ben ola\u011fan ki Galatasaray &#8211; Fenerbah\u00e7e derbisinde misyon yapabilirim.<\/strong>&#8221; kar\u015f\u0131l\u0131\u011f\u0131n\u0131 verdi.<\/p>\n<p> <strong>SON D\u00dcNYA KUPASI F\u0130NAL\u0130N\u0130 Y\u00d6NETT\u0130<\/strong><\/p>\n<p> 44 ya\u015f\u0131ndaki Polonyal\u0131 hakem Marciniak, Arjantin ile Fransa ortas\u0131nda Katar&#8217;da oynanan 2022 FIFA D\u00fcnya Kupas\u0131 finalinde d\u00fcd\u00fck \u00e7ald\u0131.<\/p>\n<p> <strong>\u015eAMP\u0130YONLAR L\u0130G\u0130 F\u0130NAL\u0130NDE D\u00dcD\u00dcK \u00c7ALDI<\/strong><\/p>\n<p> 2009&#8217;da profesyonel hakemli\u011fe ba\u015flayan ve 2011&#8217;den beri FIFA kokart\u0131 ta\u015f\u0131yan Marciniak, 2018 UEFA Harika Kupas\u0131 finalinde ve \u0130stanbul&#8217;da Manchester City ile Inter ara\u0131snda oynanan 2023 UEFA \u015eampiyonlar Ligi finalinde de vazife ald\u0131.<\/p>\n<p> <strong>2023 VE 2024 YILINDA D\u00dcNYANIN EN \u00c2L\u00c2 HAKEM\u0130 SE\u00c7\u0130LD\u0130<\/strong><\/p>\n<p> Szymon Marciniak, 2023 ve 2024 y\u0131llar\u0131nda Uluslar Futbol Tarihi ve \u0130statistikleri Federasyonu (IFFHS) taraf\u0131ndan &#8216;D\u00fcnyada Y\u0131l\u0131n Hakemi&#8217; se\u00e7ildi.<\/p>\n<\/div>\n","protected":false},"excerpt":{"rendered":"<p>2023 ve 2024&#8217;te IFFHS taraf\u0131ndan &#8216;d\u00fcnyan\u0131n en g\u00fczel hakemi&#8217; se\u00e7ilen Szymon Marciniak, Galatasaray &#8211; Fenerbah\u00e7e derbisini y\u00f6netebilece\u011fini a\u00e7\u0131klad\u0131.<\/p>\n","protected":false},"author":1,"featured_media":10766,"comment_status":"open","ping_status":"open","sticky":false,"template":"","format":"standard","meta":{"footnotes":""},"categories":[25],"tags":[62,1207],"class_list":["post-10765","post","type-post","status-publish","format-standard","has-post-thumbnail","hentry","category-futbol","tag-hakem","tag-marciniak"],"_links":{"self":[{"href":"https:\/\/haberbesiktas.tr\/index.php?rest_route=\/wp\/v2\/posts\/10765","targetHints":{"allow":["GET"]}}],"collection":[{"href":"https:\/\/haberbesiktas.tr\/index.php?rest_route=\/wp\/v2\/posts"}],"about":[{"href":"https:\/\/haberbesiktas.tr\/index.php?rest_route=\/wp\/v2\/types\/post"}],"author":[{"embeddable":true,"href":"https:\/\/haberbesiktas.tr\/index.php?rest_route=\/wp\/v2\/users\/1"}],"replies":[{"embeddable":true,"href":"https:\/\/haberbesiktas.tr\/index.php?rest_route=%2Fwp%2Fv2%2Fcomments&post=10765"}],"version-history":[{"count":1,"href":"https:\/\/haberbesiktas.tr\/index.php?rest_route=\/wp\/v2\/posts\/10765\/revisions"}],"predecessor-version":[{"id":10767,"href":"https:\/\/haberbesiktas.tr\/index.php?rest_route=\/wp\/v2\/posts\/10765\/revisions\/10767"}],"wp:featuredmedia":[{"embeddable":true,"href":"https:\/\/haberbesiktas.tr\/index.php?rest_route=\/wp\/v2\/media\/10766"}],"wp:attachment":[{"href":"https:\/\/haberbesiktas.tr\/index.php?rest_route=%2Fwp%2Fv2%2Fmedia&parent=10765"}],"wp:term":[{"taxonomy":"category","embeddable":true,"href":"https:\/\/haberbesiktas.tr\/index.php?rest_route=%2Fwp%2Fv2%2Fcategories&post=10765"},{"taxonomy":"post_tag","embeddable":true,"href":"https:\/\/haberbesiktas.tr\/index.php?rest_route=%2Fwp%2Fv2%2Ftags&post=10765"}],"curies":[{"name":"wp","href":"https:\/\/api.w.org\/{rel}","templated":true}]}}