{"id":10774,"date":"2025-02-21T09:24:09","date_gmt":"2025-02-21T09:24:09","guid":{"rendered":"https:\/\/haberbesiktas.tr\/?p=10774"},"modified":"2025-02-21T09:24:09","modified_gmt":"2025-02-21T09:24:09","slug":"bursaspor-baskani-enes-celik-duyurdu-800-milyon-liralik-borc","status":"publish","type":"post","link":"https:\/\/haberbesiktas.tr\/?p=10774","title":{"rendered":"Bursaspor Ba\u015fkan\u0131 Enes \u00c7elik duyurdu; &#8216;800 milyon liral\u0131k bor\u00e7\u2026&#8217;"},"content":{"rendered":"<div>Tokat galibiyeti sonras\u0131, <strong>&#8216;Mira\u00e7 Kandilimiz ailemize ve \u00fclkemize huzur getirsin, m\u00fcbarek olsun. Bu \u00f6zel g\u00fcnde, kritik bir virajda ald\u0131\u011f\u0131m\u0131z 3 puan da toplulu\u011fumuza b\u00fcy\u00fck moral oldu. Ayr\u0131yeten, bankalara olan bor\u00e7 y\u00fck\u00fcm\u00fcz\u00fcn en b\u00fcy\u00fc\u011f\u00fc olan Ziraat Bankas\u0131&#8217;na olan 89 milyon TL&#8217;lik borcumuzu b\u00fcsb\u00fct\u00fcn kapatm\u0131\u015f bulunuyoruz. Bu da toplulu\u011fumuza g\u00fczel olsun.&#8217;<\/strong> bi\u00e7iminde yapt\u0131\u011f\u0131 a\u00e7\u0131klamayla Bursasporlular\u0131 bir sefer dana sevindiren Lider Enes \u00c7elik&#8217;in, bir taraftar\u0131n, &#8216;Ba\u015fkan\u0131m akt\u00fcel bor\u00e7 durumu nedir pekala?&#8217; sorusuna verdi\u011fi kar\u015f\u0131l\u0131k da \u00e7ok dikkat cazipti.<\/p>\n<p> <strong>800 M\u0130LYON L\u0130RALIK BORCU KAPATTIK<\/strong><\/p>\n<p> Lider \u00c7elik, bu soruya, <strong>&#8216;Vergi borcunu da kapat\u0131p, k\u0131sa m\u00fchlet i\u00e7inde t\u00fcm ayr\u0131nt\u0131lar\u0131 kalem kalem a\u00e7\u0131klayaca\u011f\u0131m. Lakin \u015funu belirtmek isterim ki, 8 ayda yakla\u015f\u0131k 800 milyon TL&#8217;lik borcu kapatt\u0131k.&#8217;<\/strong> bi\u00e7iminde kar\u015f\u0131l\u0131k verdi.<\/p>\n<p>(Kaynak: Olay Final)<\/p>\n<div>\u00a0<\/div>\n<\/div>\n","protected":false},"excerpt":{"rendered":"<p>Lider Enes \u00c7elik, 8 ayda yakla\u015f\u0131k 800 milyon TL&#8217;lik borcu kapatt\u0131klar\u0131n\u0131 a\u00e7\u0131klad\u0131.<\/p>\n","protected":false},"author":1,"featured_media":10775,"comment_status":"open","ping_status":"open","sticky":false,"template":"","format":"standard","meta":{"footnotes":""},"categories":[25],"tags":[],"class_list":["post-10774","post","type-post","status-publish","format-standard","has-post-thumbnail","hentry","category-futbol"],"_links":{"self":[{"href":"https:\/\/haberbesiktas.tr\/index.php?rest_route=\/wp\/v2\/posts\/10774","targetHints":{"allow":["GET"]}}],"collection":[{"href":"https:\/\/haberbesiktas.tr\/index.php?rest_route=\/wp\/v2\/posts"}],"about":[{"href":"https:\/\/haberbesiktas.tr\/index.php?rest_route=\/wp\/v2\/types\/post"}],"author":[{"embeddable":true,"href":"https:\/\/haberbesiktas.tr\/index.php?rest_route=\/wp\/v2\/users\/1"}],"replies":[{"embeddable":true,"href":"https:\/\/haberbesiktas.tr\/index.php?rest_route=%2Fwp%2Fv2%2Fcomments&post=10774"}],"version-history":[{"count":1,"href":"https:\/\/haberbesiktas.tr\/index.php?rest_route=\/wp\/v2\/posts\/10774\/revisions"}],"predecessor-version":[{"id":10776,"href":"https:\/\/haberbesiktas.tr\/index.php?rest_route=\/wp\/v2\/posts\/10774\/revisions\/10776"}],"wp:featuredmedia":[{"embeddable":true,"href":"https:\/\/haberbesiktas.tr\/index.php?rest_route=\/wp\/v2\/media\/10775"}],"wp:attachment":[{"href":"https:\/\/haberbesiktas.tr\/index.php?rest_route=%2Fwp%2Fv2%2Fmedia&parent=10774"}],"wp:term":[{"taxonomy":"category","embeddable":true,"href":"https:\/\/haberbesiktas.tr\/index.php?rest_route=%2Fwp%2Fv2%2Fcategories&post=10774"},{"taxonomy":"post_tag","embeddable":true,"href":"https:\/\/haberbesiktas.tr\/index.php?rest_route=%2Fwp%2Fv2%2Ftags&post=10774"}],"curies":[{"name":"wp","href":"https:\/\/api.w.org\/{rel}","templated":true}]}}