{"id":10777,"date":"2025-02-21T09:48:08","date_gmt":"2025-02-21T09:48:08","guid":{"rendered":"https:\/\/haberbesiktas.tr\/?p=10777"},"modified":"2025-02-21T09:48:08","modified_gmt":"2025-02-21T09:48:08","slug":"asirlik-idmanocagi-nin-104-yillik-gururu","status":"publish","type":"post","link":"https:\/\/haberbesiktas.tr\/?p=10777","title":{"rendered":"As\u0131rl\u0131k \u0130dmanoca\u011f\u0131 &#8216;n\u0131n 104 y\u0131ll\u0131k gururu"},"content":{"rendered":"<div>Trabzon&#8217;un as\u0131rl\u0131k spor kul\u00fcb\u00fc \u0130dmanoca\u011f\u0131, 104 y\u0131ld\u0131r sportmen yeti\u015ftirmenin gururunu ya\u015f\u0131yor.<\/p>\n<p> \u0130dmanoca\u011f\u0131 ismiyle 20 Ocak 1921&#8217;de kurulan ve sar\u0131 ile k\u0131rm\u0131z\u0131 renkleri alan kul\u00fcp, futbol, y\u00fczme, basketbol, boks, bri\u00e7, masa tenisi ve para y\u00fczme bran\u015flar\u0131nda 500 sporcuyu b\u00fcnyesinde bar\u0131nd\u0131r\u0131yor.<\/p>\n<p> Trabzonspor Kul\u00fcb\u00fcnde ba\u015fkanl\u0131k yapan Faruk Nafiz \u00d6zak ve Atay Aktu\u011f, ba\u015fkanl\u0131k ve teknik y\u00f6neticilik misyonlar\u0131nda bulunan \u00d6zkan S\u00fcmer ile Ahmet Suat \u00d6zyaz\u0131c\u0131&#8217;n\u0131n yan\u0131 s\u0131ra futbolcular Tolga Varl\u0131kl\u0131, Mustafa Yumlu, Abd\u00fclkadir \u00d6zdemir, Samet Akayd\u0131n, \u00dczeyir Erg\u00fcn ve hakem Bar\u0131\u015f \u015eim\u015fek \u00fczere isimler, \u0130dmanoca\u011f\u0131 Futbol Grubu&#8217;nun formas\u0131n\u0131 giydi.<\/p>\n<p> Kul\u00fcp Ba\u015fkan\u0131 Vehbi Serdar Arz, AA muhabirine, Trabzon&#8217;da Cumhuriyet&#8217;in ilan\u0131ndan evvel t\u00fcz\u00fc\u011fe sahip birinci resmi spor kul\u00fcb\u00fc olduklar\u0131n\u0131 ve 104. kurulu\u015f y\u0131l d\u00f6n\u00fcm\u00fcn\u00fc bir m\u00fcddet evvel kutlad\u0131klar\u0131n\u0131 s\u00f6yledi.<\/p>\n<p> \u0130dmanoca\u011f\u0131&#8217;n\u0131n &#8220;bir kul\u00fcpten fazlas\u0131&#8221; oldu\u011funu tabir eden Arz, kul\u00fcb\u00fcn Trabzonspor&#8217;un kurulmas\u0131na da takviye verdi\u011fini hat\u0131rlatt\u0131.<\/p>\n<p> Arz, babas\u0131 eski liderlerinden oldu\u011fu i\u00e7in k\u00fc\u00e7\u00fck ya\u015ftan beri kul\u00fcb\u00fcn i\u00e7inde yer ald\u0131\u011f\u0131n\u0131 aktararak, &#8220;Amcalar\u0131m y\u00f6neticisi, ben sporcusuydum. 1989&#8217;dan beri de kul\u00fcbe \u00fcyeyim. 4,5 y\u0131ld\u0131r kul\u00fcb\u00fcn ba\u015fkanl\u0131\u011f\u0131 bize nasip oldu. Gururluyum, \u00f6v\u00fcn\u00e7 duyuyorum. \u0130n\u015fallah bundan sonra kul\u00fcb\u00fcm\u00fcz\u00fcn ola\u011fan genel konseyinde bir \u00f6teki arkada\u015f\u0131m\u0131za devredece\u011fiz. Biz her vakit kul\u00fcb\u00fcm\u00fcz\u00fcn yan\u0131nday\u0131z.&#8221; dedi.<\/p>\n<p> Futbol y\u00fckl\u00fc bir kul\u00fcp olduklar\u0131n\u0131 fakat 6 bran\u015fta daha sportmen yeti\u015ftirdiklerini lisana getiren Arz, &#8220;Amac\u0131m\u0131z atletlerimize \u00f6ncelikle insan olmay\u0131 \u00f6\u011fretebilmek. Kul\u00fcb\u00fcm\u00fcze uymayanlar\u0131 a\u015fik\u00e2r bir m\u00fchlet sonra ortam\u0131zdan ay\u0131rmak zorunda kal\u0131yoruz. \u0130dmanocakl\u0131, parmakla g\u00f6sterilebilecek bir insand\u0131r.&#8221; dedi.<\/p>\n<p> <strong>&#8220;Bu formay\u0131 bir sefer giyen, bir daha \u00e7\u0131karamaz&#8221;<\/strong><\/p>\n<p> Arz, \u00e2l\u00e2 ku\u015faklar yeti\u015ftirme u\u011fra\u015f\u0131nda olduklar\u0131n\u0131n alt\u0131n\u0131 \u00e7izerek, &#8220;Tolga Varl\u0131kl\u0131, Mustafa Yumlu, Abd\u00fclkadir \u00d6zdemir, Samet Akayd\u0131n, \u00dczeyir Erg\u00fcn, hakem Bar\u0131\u015f \u015eim\u015fek, 1970 \u00f6ncesi Trabzonspor&#8217;da kul\u00fcp ba\u015fkanl\u0131\u011f\u0131 yapan Atay Aktu\u011f, Faruk Nafiz \u00d6zak ile \u015fampiyon teknik y\u00f6neticiler Ahmet Suat \u00d6zyaz\u0131c\u0131 ve \u00d6zkan S\u00fcmer de \u0130dmanoca\u011f\u0131&#8217;nda futbol oynayan k\u0131ymetli isimler ortas\u0131nda yer ald\u0131.&#8221; diye konu\u015ftu.<\/p>\n<p> \u0130dmanoca\u011f\u0131&#8217;nda yeti\u015fen ve daha sonra milletvekilli\u011fi, belediye ba\u015fkanl\u0131\u011f\u0131 misyonlar\u0131nda bulunan isimler de oldu\u011funu lisana getiren Arz, avukat, doktor, m\u00fchendis gibi e\u011fitim seviyesi y\u00fcksek yakla\u015f\u0131k 360 \u00fcyelerinin bulundu\u011funa i\u015faret etti.<\/p>\n<p> Arz, kendisinin ve y\u00f6netim kurulu \u00fcyelerinin 104 y\u0131ll\u0131k ge\u00e7mi\u015fin miras\u0131na sahip camiay\u0131 temsil etti\u011fine vurgu yaparak \u015fu de\u011ferlendirmede bulundu:<\/p>\n<p> &#8220;Bu formay\u0131 bir sefer giyen, bir daha \u00e7\u0131karamaz. Ben ba\u015fkanl\u0131k g\u00f6mle\u011fini \u00e7\u0131karaca\u011f\u0131m, Oktay \u00d6zer arkada\u015f giyecek. \u0130n\u015fallah o da tekrar buradan bir arkada\u015f\u0131ma devredecek. 25 ki\u015filik idare heyetlerimizin asil \u00fcyelerinin 18 tanesi kul\u00fcb\u00fcn eski atleti, onun i\u00e7in o ate\u015f s\u00f6nmez. Ebediyen ya\u015fayacak umudunday\u0131m.&#8221;<\/p>\n<p> Oyunculardan Buyruk Demirhan ise arkada\u015f\u0131n\u0131n y\u00f6nlendirmesiyle futbola ba\u015flad\u0131\u011f\u0131n\u0131 sonra \u0130dmanoca\u011f\u0131 Spor Kul\u00fcb\u00fc&#8217;ne transfer oldu\u011funu tabir ederek, &#8220;\u0130dmanoca\u011f\u0131&#8217;nda oynamak gurur verici zira \u00f6b\u00fcr kul\u00fcplerden daha esasl\u0131 ve daha cana yak\u0131n. O nedenle \u0130dmanoca\u011f\u0131&#8217;nda olmaktan gurur duyuyorum.&#8221; dedi.<\/p>\n<p> Futbolcu Kerem Akt\u00fcrko\u011flu \u00fczere \u00e2l\u00e2 futbolcu olmak istedi\u011fini anlatan Demirhan, futbolda ilerleyemedi\u011fi takdirde bilgisayar m\u00fchendisi olmay\u0131 hedefledi\u011fini kelamlar\u0131na ekledi.<\/p>\n<\/div>\n","protected":false},"excerpt":{"rendered":"<p>Trabzon&#8217;da 104 y\u0131l evvel kurulan \u0130dmanoca\u011f\u0131 Spor Kul\u00fcb\u00fcn\u00fcn b\u00fcnyesinde 7 bran\u015fta 500 sportmen faaliyet g\u00f6steriyor.<\/p>\n","protected":false},"author":1,"featured_media":10778,"comment_status":"open","ping_status":"open","sticky":false,"template":"","format":"standard","meta":{"footnotes":""},"categories":[25],"tags":[1211,172,1210,543,65],"class_list":["post-10777","post","type-post","status-publish","format-standard","has-post-thumbnail","hentry","category-futbol","tag-arz","tag-futbol","tag-idmanocagi","tag-kulup","tag-spor"],"_links":{"self":[{"href":"https:\/\/haberbesiktas.tr\/index.php?rest_route=\/wp\/v2\/posts\/10777","targetHints":{"allow":["GET"]}}],"collection":[{"href":"https:\/\/haberbesiktas.tr\/index.php?rest_route=\/wp\/v2\/posts"}],"about":[{"href":"https:\/\/haberbesiktas.tr\/index.php?rest_route=\/wp\/v2\/types\/post"}],"author":[{"embeddable":true,"href":"https:\/\/haberbesiktas.tr\/index.php?rest_route=\/wp\/v2\/users\/1"}],"replies":[{"embeddable":true,"href":"https:\/\/haberbesiktas.tr\/index.php?rest_route=%2Fwp%2Fv2%2Fcomments&post=10777"}],"version-history":[{"count":1,"href":"https:\/\/haberbesiktas.tr\/index.php?rest_route=\/wp\/v2\/posts\/10777\/revisions"}],"predecessor-version":[{"id":10779,"href":"https:\/\/haberbesiktas.tr\/index.php?rest_route=\/wp\/v2\/posts\/10777\/revisions\/10779"}],"wp:featuredmedia":[{"embeddable":true,"href":"https:\/\/haberbesiktas.tr\/index.php?rest_route=\/wp\/v2\/media\/10778"}],"wp:attachment":[{"href":"https:\/\/haberbesiktas.tr\/index.php?rest_route=%2Fwp%2Fv2%2Fmedia&parent=10777"}],"wp:term":[{"taxonomy":"category","embeddable":true,"href":"https:\/\/haberbesiktas.tr\/index.php?rest_route=%2Fwp%2Fv2%2Fcategories&post=10777"},{"taxonomy":"post_tag","embeddable":true,"href":"https:\/\/haberbesiktas.tr\/index.php?rest_route=%2Fwp%2Fv2%2Ftags&post=10777"}],"curies":[{"name":"wp","href":"https:\/\/api.w.org\/{rel}","templated":true}]}}