{"id":10783,"date":"2025-02-21T10:36:08","date_gmt":"2025-02-21T10:36:08","guid":{"rendered":"https:\/\/haberbesiktas.tr\/?p=10783"},"modified":"2025-02-21T10:36:08","modified_gmt":"2025-02-21T10:36:08","slug":"ertugrul-dogan-kulup-icin-alinan-kararlardan-memnun","status":"publish","type":"post","link":"https:\/\/haberbesiktas.tr\/?p=10783","title":{"rendered":"Ertu\u011frul Do\u011fan, kul\u00fcp i\u00e7in al\u0131nan kararlardan memnun"},"content":{"rendered":"<div><span><span>Trabzonspor Kul\u00fcb\u00fc Lideri Ertu\u011frul Do\u011fan, Cumhurba\u015fkan\u0131 Recep Tayyip Erdo\u011fan&#8217;\u0131n Trabzon ziyareti i\u00e7in kendisine te\u015fekk\u00fcr etti.\u00a0\u00a0<\/span><\/span> Do\u011fan, Trabzonspor Mecmuas\u0131&#8217;n\u0131n bu ayki say\u0131s\u0131nda yer alan a\u00e7\u0131klamas\u0131nda, bordo-mavili kul\u00fcb\u00fcn, gelece\u011fini \u015fekillendirecek tarihi ad\u0131mlar\u0131n mu\u015ftusuyla dolu bir d\u00f6neme\u00e7te olduklar\u0131na i\u015faret ederek, <strong>&#8220;Cumhurba\u015fkan\u0131m\u0131z Say\u0131n Recep Tayyip Erdo\u011fan&#8217;\u0131n Trabzon ziyareti s\u0131ras\u0131nda kul\u00fcb\u00fcm\u00fcz ismine al\u0131nan kararlar, hem bug\u00fcn\u00fcm\u00fcz\u00fc hem de yar\u0131n\u0131m\u0131z\u0131 ayd\u0131nlatacak niteliktedir.&#8221;<\/strong> s\u00f6zlerini kulland\u0131.<\/p>\n<p> Erdo\u011fan&#8217;\u0131n talimat\u0131yla \u015eenol G\u00fcne\u015f Spor Kompleksi i\u00e7indeki Papara Park&#8217;\u0131n kul\u00fcbe tahsis edilmesinin, s\u0131rf futbol de\u011fil birebir vakitte ekonomik kalk\u0131nma merkezi olarak hizmet vermesini sa\u011flayaca\u011f\u0131n\u0131 aktaran Do\u011fan, \u015f\u00f6yle devam etti:<\/p>\n<p> <strong>&#8220;Bu tahsis, stadyum alt\u0131ndaki i\u015f yerlerinin kul\u00fcp taraf\u0131ndan i\u015fletilmesiyle \u00f6nemli bir gelir kayna\u011f\u0131na d\u00f6n\u00fc\u015fecektir. Trabzonspor, saha i\u00e7indeki muvaffakiyetlerinin yan\u0131 s\u0131ra ekonomik s\u00fcrd\u00fcr\u00fclebilirlik a\u00e7\u0131s\u0131ndan da \u00f6rnek bir model olu\u015fturacakt\u0131r. Yeniden Say\u0131n Cumhurba\u015fkan\u0131m\u0131z\u0131n onay\u0131yla Akyaz\u0131&#8217;daki 177 d\u00f6n\u00fcml\u00fck arazinin kul\u00fcb\u00fcm\u00fcze kazand\u0131r\u0131lmas\u0131 i\u00e7in \u00e7al\u0131\u015fmalar\u0131n ba\u015flat\u0131lmas\u0131, Trabzonspor&#8217;un gelece\u011fe daha g\u00fc\u00e7l\u00fc y\u00fcr\u00fcyebilmesi ismine bir \u00f6b\u00fcr bedelli ad\u0131m oldu. \u0130stanbul&#8217;daki arazi konusundaki geli\u015fmeler de heyecan verici ve Trabzonspor&#8217;un sadece Karadeniz&#8217;in de\u011fil, \u00fclke genelinde bir g\u00fc\u00e7 merkezi olma vizyonunu peki\u015ftiriyor.&#8221;<\/strong><\/p>\n<p> Do\u011fan, kul\u00fcp tarihine alt\u0131n harflerle yaz\u0131lacak bu de\u011ferli geli\u015fmelerin hayata ge\u00e7irilmesinde Cumhurba\u015fkan\u0131 Recep Tayyip Erdo\u011fan&#8217;\u0131n liderli\u011fi ve takviyesinin en b\u00fcy\u00fck g\u00fc\u00e7leri oldu\u011funa da dikkati \u00e7ekerek, <strong>&#8220;Bunun yan\u0131 s\u0131ra Etraf, \u015eehircilik ve \u0130klim De\u011fi\u015fikli\u011fi Bakan\u0131 Say\u0131n Murat Kurum&#8217;a, Gen\u00e7lik ve Spor Bakan\u0131 Say\u0131n Osman A\u015fk\u0131n Bak&#8217;a, Ula\u015ft\u0131rma ve Altyap\u0131 Bakan\u0131 Say\u0131n Abdulkadir Uralo\u011flu&#8217;na, Tar\u0131m ve Orman Bakan\u0131 Say\u0131n \u0130brahim Yumakl\u0131&#8217;ya, \u00c7evre, \u015eehircilik ve \u0130klim De\u011fi\u015fikli\u011fi Bakan Yard\u0131mc\u0131s\u0131 Say\u0131n \u00d6mer Bulut&#8217;a, TOK\u0130 Lideri Say\u0131n Mustafa Levent Sungur&#8217;a, Trabzon milletvekillerimiz Say\u0131n Adil Karaismailo\u011flu, Say\u0131n Mustafa \u015een, Say\u0131n Y\u0131lmaz B\u00fcy\u00fckayd\u0131n ve Say\u0131n Vehbi Ko\u00e7 ile B\u00fcy\u00fck\u015fehir Belediye Liderimiz Say\u0131n Ahmet Metin Gen\u00e7&#8217;e minnettarl\u0131\u011f\u0131m\u0131 sunuyorum.&#8221;<\/strong> g\u00f6r\u00fc\u015flerine yer verdi.<\/p>\n<p> Trabzonspor&#8217;un ruhunu sadece mali ba\u015far\u0131larla a\u00e7\u0131klaman\u0131n m\u00fcmk\u00fcn olmad\u0131\u011f\u0131n\u0131 vurgulayan Do\u011fan, \u015funlar\u0131 kaydetti:<\/p>\n<p> <strong>&#8220;Bu kent, bu kul\u00fcp, al\u0131n teriyle, azimle ve gayret ruhuyla \u015fekillendi. Alanda al\u0131nan her galibiyet, trib\u00fcnlerdeki her tezah\u00fcrat, bu b\u00fcy\u00fck \u00f6yk\u00fcn\u00fcn mod\u00fcl\u00fcd\u00fcr. T\u00fcrkiye Kupas\u0131&#8217;ndaki gayemiz de i\u015fte bu \u00f6yk\u00fcn\u00fcn yeni bir sayfas\u0131n\u0131 yazma f\u0131rsat\u0131d\u0131r. Alanyaspor kar\u015f\u0131s\u0131ndaki galibiyet, grubumuzun kararl\u0131l\u0131\u011f\u0131n\u0131 ve potansiyelini bir kere daha g\u00f6zler \u00f6n\u00fcne serdi. Yeni desteklerle, alandaki gayretimizin d\u00fczeyini daha da \u00fcst \u00e7\u0131kartaca\u011f\u0131z. Bu s\u00fcre\u00e7te futbolcular\u0131m\u0131z\u0131n yaln\u0131zca birer atlet de\u011fil, Trabzonspor ruhunun ta\u015f\u0131y\u0131c\u0131lar\u0131 oldu\u011funu unutmamak gerekiyor. Tarihin bu d\u00f6n\u00fcm noktas\u0131nda, taraftarlar\u0131m\u0131z\u0131n takviyesi ve kul\u00fcb\u00fcm\u00fcz\u00fcn kararl\u0131l\u0131\u011f\u0131yla yaln\u0131zca bug\u00fcn\u00fc de\u011fil, yar\u0131nlar\u0131m\u0131z\u0131 da \u015fekillendiriyoruz. Trabzonspor, her vakit oldu\u011fu \u00fczere, gayret etmeyi, \u00fcretmeyi ve kazanmay\u0131 s\u00fcrd\u00fcrecektir.&#8221;<\/strong><\/p>\n<\/div>\n","protected":false},"excerpt":{"rendered":"<p>Trabzonspor Kul\u00fcb\u00fc Lideri Ertu\u011frul Do\u011fan, Cumhurba\u015fkan\u0131 Recep Tayyip Erdo\u011fan&#8217;\u0131n Trabzon ziyareti s\u0131ras\u0131nda bordo-mavili kul\u00fcp ismine al\u0131nan kararlar\u0131n, hem bug\u00fcnleri hem de yar\u0131nlar\u0131 ayd\u0131nlatacak nitelikte oldu\u011funu belirtti.<\/p>\n","protected":false},"author":1,"featured_media":10784,"comment_status":"open","ping_status":"open","sticky":false,"template":"","format":"standard","meta":{"footnotes":""},"categories":[25],"tags":[1213,1214,98],"class_list":["post-10783","post","type-post","status-publish","format-standard","has-post-thumbnail","hentry","category-futbol","tag-bakan","tag-dogan","tag-trabzonspor"],"_links":{"self":[{"href":"https:\/\/haberbesiktas.tr\/index.php?rest_route=\/wp\/v2\/posts\/10783","targetHints":{"allow":["GET"]}}],"collection":[{"href":"https:\/\/haberbesiktas.tr\/index.php?rest_route=\/wp\/v2\/posts"}],"about":[{"href":"https:\/\/haberbesiktas.tr\/index.php?rest_route=\/wp\/v2\/types\/post"}],"author":[{"embeddable":true,"href":"https:\/\/haberbesiktas.tr\/index.php?rest_route=\/wp\/v2\/users\/1"}],"replies":[{"embeddable":true,"href":"https:\/\/haberbesiktas.tr\/index.php?rest_route=%2Fwp%2Fv2%2Fcomments&post=10783"}],"version-history":[{"count":1,"href":"https:\/\/haberbesiktas.tr\/index.php?rest_route=\/wp\/v2\/posts\/10783\/revisions"}],"predecessor-version":[{"id":10785,"href":"https:\/\/haberbesiktas.tr\/index.php?rest_route=\/wp\/v2\/posts\/10783\/revisions\/10785"}],"wp:featuredmedia":[{"embeddable":true,"href":"https:\/\/haberbesiktas.tr\/index.php?rest_route=\/wp\/v2\/media\/10784"}],"wp:attachment":[{"href":"https:\/\/haberbesiktas.tr\/index.php?rest_route=%2Fwp%2Fv2%2Fmedia&parent=10783"}],"wp:term":[{"taxonomy":"category","embeddable":true,"href":"https:\/\/haberbesiktas.tr\/index.php?rest_route=%2Fwp%2Fv2%2Fcategories&post=10783"},{"taxonomy":"post_tag","embeddable":true,"href":"https:\/\/haberbesiktas.tr\/index.php?rest_route=%2Fwp%2Fv2%2Ftags&post=10783"}],"curies":[{"name":"wp","href":"https:\/\/api.w.org\/{rel}","templated":true}]}}