{"id":10786,"date":"2025-02-21T10:48:06","date_gmt":"2025-02-21T10:48:06","guid":{"rendered":"https:\/\/haberbesiktas.tr\/?p=10786"},"modified":"2025-02-21T10:48:06","modified_gmt":"2025-02-21T10:48:06","slug":"irfan-can-egribayata-cirkin-mesaj","status":"publish","type":"post","link":"https:\/\/haberbesiktas.tr\/?p=10786","title":{"rendered":"\u0130rfan Can E\u011fribayat&#8217;a \u00e7irkin mesaj!"},"content":{"rendered":"<div>Fenerbah\u00e7e kalecisi \u0130rfan Can E\u011fribayat, kendisine gelen naho\u015f iletisi toplumsal medya hesab\u0131ndan payla\u015ft\u0131.<\/p>\n<p> \u0130rfan Can, yapt\u0131\u011f\u0131 a\u00e7\u0131klamada, <strong>&#8220;Bu yaln\u0131zca bir tanesi. E\u015fime gelenler u\u011fra\u015f\u0131. Zihniyet budur i\u015fte. Allah&#8217;a havale ediyorum.&#8221;<\/strong> s\u00f6zlerini kulland\u0131.<\/p>\n<p> 26 ya\u015f\u0131ndaki file bek\u00e7isi, G\u00f6ztepe ile oynanan ma\u00e7\u0131n akabinde,<strong> &#8220;Eski ekibine kar\u015f\u0131 oynad\u0131n ne hissediyorsun?<\/strong>&#8221; formunda gelen soruya, <strong>&#8220;Valla benim eski ekibim de\u011fil oras\u0131. Benim i\u00e7in b\u00fcsb\u00fct\u00fcn yoklar.&#8221;<\/strong> kar\u015f\u0131l\u0131\u011f\u0131n\u0131 verdi.<\/p>\n<p> Fenerbah\u00e7eli taraftarlar, bildirisi payla\u015fmas\u0131n\u0131n akabinde \u0130rfan Can&#8217;a takviye verdi.<\/p>\n<p> <strong>\u0130rfan Can E\u011fribayat&#8217;\u0131n payla\u015f\u0131m\u0131 \u015fu bi\u00e7imde:<\/p>\n<p><img decoding=\"async\" src=\"https:\/\/haberbesiktas.tr\/wp-content\/uploads\/2025\/02\/irfan-can-egribayata-cirkin-mesaj-0-vyneDDTg.jpg\"\/><br \/><\/strong><\/p>\n<\/div>\n","protected":false},"excerpt":{"rendered":"<p>Fenerbah\u00e7e kalecisi \u0130rfan Can E\u011fribayat, kendisine ve vefat eden bebe\u011fine gelen hakaretleri toplumsal medya hesab\u0131ndan payla\u015ft\u0131.<\/p>\n","protected":false},"author":1,"featured_media":10787,"comment_status":"open","ping_status":"open","sticky":false,"template":"","format":"standard","meta":{"footnotes":""},"categories":[25],"tags":[],"class_list":["post-10786","post","type-post","status-publish","format-standard","has-post-thumbnail","hentry","category-futbol"],"_links":{"self":[{"href":"https:\/\/haberbesiktas.tr\/index.php?rest_route=\/wp\/v2\/posts\/10786","targetHints":{"allow":["GET"]}}],"collection":[{"href":"https:\/\/haberbesiktas.tr\/index.php?rest_route=\/wp\/v2\/posts"}],"about":[{"href":"https:\/\/haberbesiktas.tr\/index.php?rest_route=\/wp\/v2\/types\/post"}],"author":[{"embeddable":true,"href":"https:\/\/haberbesiktas.tr\/index.php?rest_route=\/wp\/v2\/users\/1"}],"replies":[{"embeddable":true,"href":"https:\/\/haberbesiktas.tr\/index.php?rest_route=%2Fwp%2Fv2%2Fcomments&post=10786"}],"version-history":[{"count":1,"href":"https:\/\/haberbesiktas.tr\/index.php?rest_route=\/wp\/v2\/posts\/10786\/revisions"}],"predecessor-version":[{"id":10789,"href":"https:\/\/haberbesiktas.tr\/index.php?rest_route=\/wp\/v2\/posts\/10786\/revisions\/10789"}],"wp:featuredmedia":[{"embeddable":true,"href":"https:\/\/haberbesiktas.tr\/index.php?rest_route=\/wp\/v2\/media\/10787"}],"wp:attachment":[{"href":"https:\/\/haberbesiktas.tr\/index.php?rest_route=%2Fwp%2Fv2%2Fmedia&parent=10786"}],"wp:term":[{"taxonomy":"category","embeddable":true,"href":"https:\/\/haberbesiktas.tr\/index.php?rest_route=%2Fwp%2Fv2%2Fcategories&post=10786"},{"taxonomy":"post_tag","embeddable":true,"href":"https:\/\/haberbesiktas.tr\/index.php?rest_route=%2Fwp%2Fv2%2Ftags&post=10786"}],"curies":[{"name":"wp","href":"https:\/\/api.w.org\/{rel}","templated":true}]}}