{"id":10872,"date":"2025-02-21T17:00:08","date_gmt":"2025-02-21T17:00:08","guid":{"rendered":"https:\/\/haberbesiktas.tr\/?p=10872"},"modified":"2025-02-21T17:00:08","modified_gmt":"2025-02-21T17:00:08","slug":"super-ligde-23-hafta-programi-aciklandi","status":"publish","type":"post","link":"https:\/\/haberbesiktas.tr\/?p=10872","title":{"rendered":"S\u00fcper Ligde 23. hafta program\u0131 a\u00e7\u0131kland\u0131"},"content":{"rendered":"<div>TFF, Trendyol S\u00fcper Lig&#8217;de 23. haftan\u0131n program\u0131n\u0131 a\u00e7\u0131klad\u0131\u0131. <\/p>\n<p>Yap\u0131lan a\u00e7\u0131klamada Galatasaray&#8217;\u0131n UEFA Avrupa Ligi&#8217;nde direkt son 16 cinsine kalmas\u0131 halinde 23. haftan\u0131n ma\u00e7 program\u0131nda de\u011fi\u015fikli\u011fe gidilece\u011fi belirtildi.<\/p>\n<p><strong>\u0130\u015eTE TFF&#8217;DEN YAPILAN A\u00c7IKLAMA:<\/strong><br \/> &#8220;Trendyol S\u00fcper Lig \u015eamil Ekinci D\u00f6nemi&#8217;nde 23. hafta kar\u015f\u0131la\u015fmalar\u0131na ait program a\u00e7\u0131klanm\u0131\u015ft\u0131r. Program, UEFA Avrupa Ligi&#8217;nde \u00e7aba eden temsilcilerimizin beklenen Play-Off kar\u015f\u0131la\u015fmalar\u0131 ve Ziraat T\u00fcrkiye Kupas\u0131 K\u00fcme Basama\u011f\u0131 2. hafta kar\u015f\u0131la\u015fma takvimi dikkate al\u0131narak planlanm\u0131\u015ft\u0131r.<\/p>\n<p> <strong>UEFA Avrupa Ligi&#8217;nde gayret eden temsilcilerimizden, direkt Son 16 Tipi&#8217;ne y\u00fckselme ihtimali bulunan Galatasaray Spor Kul\u00fcb\u00fc&#8217;n\u00fcn; bu ihtimalin ger\u00e7ekle\u015fmesi ve 23. hafta sonras\u0131nda UEFA Avrupa Ligi Play-Off ma\u00e7\u0131n\u0131n olmamas\u0131 halinde, yay\u0131n program\u0131 do\u011frultusunda, Trabzonspor A.\u015e. &#8211; \u0130kas Ey\u00fcpspor kar\u015f\u0131la\u015fmas\u0131 9 \u015eubat Pazar g\u00fcn\u00fc saat 19.00&#8217;a, Galatasaray A.\u015e. &#8211; Adana Demirspor A.\u015e. kar\u015f\u0131la\u015fmas\u0131 ise 10 \u015eubat Pazartesi g\u00fcn\u00fc saat 20.00&#8217;ye al\u0131nacakt\u0131r.&#8221;<\/strong><\/p>\n<p> <img decoding=\"async\" src=\"https:\/\/haberbesiktas.tr\/wp-content\/uploads\/2025\/02\/super-ligde-23-hafta-programi-aciklandi-0-k6FVJBki.jpg\"\/><\/div>\n","protected":false},"excerpt":{"rendered":"<p>Trendyol S\u00fcper Lig&#8217;de 23. haftan\u0131n program\u0131 a\u00e7\u0131kland\u0131. Galatasaray&#8217;\u0131n UEFA Avrupa Ligi&#8217;nde direkt son 16 tipine kalmas\u0131 halinde 23. haftan\u0131n ma\u00e7 program\u0131nda de\u011fi\u015fikli\u011fe gidilecek.<\/p>\n","protected":false},"author":1,"featured_media":10873,"comment_status":"open","ping_status":"open","sticky":false,"template":"","format":"standard","meta":{"footnotes":""},"categories":[25],"tags":[51,748,1232],"class_list":["post-10872","post","type-post","status-publish","format-standard","has-post-thumbnail","hentry","category-futbol","tag-lig","tag-musabaka","tag-program"],"_links":{"self":[{"href":"https:\/\/haberbesiktas.tr\/index.php?rest_route=\/wp\/v2\/posts\/10872","targetHints":{"allow":["GET"]}}],"collection":[{"href":"https:\/\/haberbesiktas.tr\/index.php?rest_route=\/wp\/v2\/posts"}],"about":[{"href":"https:\/\/haberbesiktas.tr\/index.php?rest_route=\/wp\/v2\/types\/post"}],"author":[{"embeddable":true,"href":"https:\/\/haberbesiktas.tr\/index.php?rest_route=\/wp\/v2\/users\/1"}],"replies":[{"embeddable":true,"href":"https:\/\/haberbesiktas.tr\/index.php?rest_route=%2Fwp%2Fv2%2Fcomments&post=10872"}],"version-history":[{"count":1,"href":"https:\/\/haberbesiktas.tr\/index.php?rest_route=\/wp\/v2\/posts\/10872\/revisions"}],"predecessor-version":[{"id":10875,"href":"https:\/\/haberbesiktas.tr\/index.php?rest_route=\/wp\/v2\/posts\/10872\/revisions\/10875"}],"wp:featuredmedia":[{"embeddable":true,"href":"https:\/\/haberbesiktas.tr\/index.php?rest_route=\/wp\/v2\/media\/10873"}],"wp:attachment":[{"href":"https:\/\/haberbesiktas.tr\/index.php?rest_route=%2Fwp%2Fv2%2Fmedia&parent=10872"}],"wp:term":[{"taxonomy":"category","embeddable":true,"href":"https:\/\/haberbesiktas.tr\/index.php?rest_route=%2Fwp%2Fv2%2Fcategories&post=10872"},{"taxonomy":"post_tag","embeddable":true,"href":"https:\/\/haberbesiktas.tr\/index.php?rest_route=%2Fwp%2Fv2%2Ftags&post=10872"}],"curies":[{"name":"wp","href":"https:\/\/api.w.org\/{rel}","templated":true}]}}