{"id":10876,"date":"2025-02-21T17:12:07","date_gmt":"2025-02-21T17:12:07","guid":{"rendered":"https:\/\/haberbesiktas.tr\/?p=10876"},"modified":"2025-02-21T17:12:07","modified_gmt":"2025-02-21T17:12:07","slug":"ispanya-milli-takiminda-luis-de-la-fuente-ile-2028e-devam","status":"publish","type":"post","link":"https:\/\/haberbesiktas.tr\/?p=10876","title":{"rendered":"\u0130spanya Milli Tak\u0131m\u0131&#8217;nda Luis de la Fuente ile 2028&#8217;e devam"},"content":{"rendered":"<div>\n<p>\u0130spanya Ulusal Futbol Ekibi&#8217;nde teknik y\u00f6netici Luis de la Fuente&#8217;nin kontrat\u0131 yenilendi.<\/p>\n<p> \u0130spanya Futbol Federasyonundan yap\u0131lan a\u00e7\u0131klamada 63 ya\u015f\u0131ndaki \u0130spanyol teknik adamla 2028&#8217;e kadar mukavele imzaland\u0131\u011f\u0131 belirtildi.\u00a0<\/p>\n<p> Luis de la Fuente, 2022&#8217;de ba\u015f\u0131na ge\u00e7ti\u011fi \u0130spanya Ulusal Ekibi&#8217;ni 2022-23 UEFA Uluslar Ligi ve 2024 Avrupa \u015eampiyonas\u0131&#8217;nda zafere ta\u015f\u0131d\u0131.<\/p>\n<\/div>\n","protected":false},"excerpt":{"rendered":"<p>\u0130spanya Ulusal Kadrosu&#8217;nda Luis de la Fuente&#8217;nin mukavelesi 2028&#8217;e kadar uzat\u0131ld\u0131.<\/p>\n","protected":false},"author":1,"featured_media":10877,"comment_status":"open","ping_status":"open","sticky":false,"template":"","format":"standard","meta":{"footnotes":""},"categories":[25],"tags":[],"class_list":["post-10876","post","type-post","status-publish","format-standard","has-post-thumbnail","hentry","category-futbol"],"_links":{"self":[{"href":"https:\/\/haberbesiktas.tr\/index.php?rest_route=\/wp\/v2\/posts\/10876","targetHints":{"allow":["GET"]}}],"collection":[{"href":"https:\/\/haberbesiktas.tr\/index.php?rest_route=\/wp\/v2\/posts"}],"about":[{"href":"https:\/\/haberbesiktas.tr\/index.php?rest_route=\/wp\/v2\/types\/post"}],"author":[{"embeddable":true,"href":"https:\/\/haberbesiktas.tr\/index.php?rest_route=\/wp\/v2\/users\/1"}],"replies":[{"embeddable":true,"href":"https:\/\/haberbesiktas.tr\/index.php?rest_route=%2Fwp%2Fv2%2Fcomments&post=10876"}],"version-history":[{"count":1,"href":"https:\/\/haberbesiktas.tr\/index.php?rest_route=\/wp\/v2\/posts\/10876\/revisions"}],"predecessor-version":[{"id":10878,"href":"https:\/\/haberbesiktas.tr\/index.php?rest_route=\/wp\/v2\/posts\/10876\/revisions\/10878"}],"wp:featuredmedia":[{"embeddable":true,"href":"https:\/\/haberbesiktas.tr\/index.php?rest_route=\/wp\/v2\/media\/10877"}],"wp:attachment":[{"href":"https:\/\/haberbesiktas.tr\/index.php?rest_route=%2Fwp%2Fv2%2Fmedia&parent=10876"}],"wp:term":[{"taxonomy":"category","embeddable":true,"href":"https:\/\/haberbesiktas.tr\/index.php?rest_route=%2Fwp%2Fv2%2Fcategories&post=10876"},{"taxonomy":"post_tag","embeddable":true,"href":"https:\/\/haberbesiktas.tr\/index.php?rest_route=%2Fwp%2Fv2%2Ftags&post=10876"}],"curies":[{"name":"wp","href":"https:\/\/api.w.org\/{rel}","templated":true}]}}