{"id":10879,"date":"2025-02-21T17:24:06","date_gmt":"2025-02-21T17:24:06","guid":{"rendered":"https:\/\/haberbesiktas.tr\/?p=10879"},"modified":"2025-02-21T17:24:06","modified_gmt":"2025-02-21T17:24:06","slug":"adana-demirsporda-ayrilik-karari","status":"publish","type":"post","link":"https:\/\/haberbesiktas.tr\/?p=10879","title":{"rendered":"Adana Demirspor&#8217;da ayr\u0131l\u0131k karar\u0131!"},"content":{"rendered":"<div>S\u00fcper Lig gruplar\u0131ndan Adana Demirspor&#8217;da ayr\u0131l\u0131k karar\u0131 geldi.<\/p>\n<p> A Spor&#8217;un haberine nazaran, Akdeniz temsilcisi, teknik y\u00f6netici Mustafa Kolcu ile kar\u015f\u0131l\u0131kl\u0131 anla\u015farak yollar\u0131n\u0131 ay\u0131rd\u0131.<\/p>\n<p> Mustafa Kolcu i\u00e7in resmi a\u00e7\u0131klaman\u0131n k\u0131sa m\u00fcddet ie\u00e7risinde yap\u0131lmas\u0131 bekleniyor.<\/p>\n<p> Adana Demirspor&#8217;un ba\u015f\u0131nda bu d\u00f6nem 10 ma\u00e7a \u00e7\u0131kan Mustafa Kolcu, 3 galibiyet ve 7 ma\u011flubiyet ya\u015fad\u0131.<\/p>\n<\/div>\n","protected":false},"excerpt":{"rendered":"<p>Adana Demirspor&#8217;da teknik y\u00f6netici Mustafa Kolcu ile kar\u015f\u0131l\u0131kl\u0131 anla\u015f\u0131larak yollar ayr\u0131ld\u0131.<\/p>\n","protected":false},"author":1,"featured_media":10880,"comment_status":"open","ping_status":"open","sticky":false,"template":"","format":"standard","meta":{"footnotes":""},"categories":[25],"tags":[],"class_list":["post-10879","post","type-post","status-publish","format-standard","has-post-thumbnail","hentry","category-futbol"],"_links":{"self":[{"href":"https:\/\/haberbesiktas.tr\/index.php?rest_route=\/wp\/v2\/posts\/10879","targetHints":{"allow":["GET"]}}],"collection":[{"href":"https:\/\/haberbesiktas.tr\/index.php?rest_route=\/wp\/v2\/posts"}],"about":[{"href":"https:\/\/haberbesiktas.tr\/index.php?rest_route=\/wp\/v2\/types\/post"}],"author":[{"embeddable":true,"href":"https:\/\/haberbesiktas.tr\/index.php?rest_route=\/wp\/v2\/users\/1"}],"replies":[{"embeddable":true,"href":"https:\/\/haberbesiktas.tr\/index.php?rest_route=%2Fwp%2Fv2%2Fcomments&post=10879"}],"version-history":[{"count":1,"href":"https:\/\/haberbesiktas.tr\/index.php?rest_route=\/wp\/v2\/posts\/10879\/revisions"}],"predecessor-version":[{"id":10881,"href":"https:\/\/haberbesiktas.tr\/index.php?rest_route=\/wp\/v2\/posts\/10879\/revisions\/10881"}],"wp:featuredmedia":[{"embeddable":true,"href":"https:\/\/haberbesiktas.tr\/index.php?rest_route=\/wp\/v2\/media\/10880"}],"wp:attachment":[{"href":"https:\/\/haberbesiktas.tr\/index.php?rest_route=%2Fwp%2Fv2%2Fmedia&parent=10879"}],"wp:term":[{"taxonomy":"category","embeddable":true,"href":"https:\/\/haberbesiktas.tr\/index.php?rest_route=%2Fwp%2Fv2%2Fcategories&post=10879"},{"taxonomy":"post_tag","embeddable":true,"href":"https:\/\/haberbesiktas.tr\/index.php?rest_route=%2Fwp%2Fv2%2Ftags&post=10879"}],"curies":[{"name":"wp","href":"https:\/\/api.w.org\/{rel}","templated":true}]}}