{"id":10894,"date":"2025-02-21T18:12:06","date_gmt":"2025-02-21T18:12:06","guid":{"rendered":"https:\/\/haberbesiktas.tr\/?p=10894"},"modified":"2025-02-21T18:12:06","modified_gmt":"2025-02-21T18:12:06","slug":"bayer-leverkusenden-mario-hermosoya-kanca","status":"publish","type":"post","link":"https:\/\/haberbesiktas.tr\/?p=10894","title":{"rendered":"Bayer Leverkusen&#8217;den Mario Hermoso&#8217;ya kanca"},"content":{"rendered":"<div>\n<p>Bayer Leverkusen, orta transfer periyodu \u00e7al\u0131\u015fmalar\u0131nda gaza bast\u0131.\u00a0<\/p>\n<p> Fabrizio Romano&#8217;nun haberine nazaran Almanya Bundesliga grubu Bayer Leverkusen, \u0130talya Serie A gruplar\u0131ndan Roma&#8217;da forma giyen 29 ya\u015f\u0131ndaki oyuncu Mario Hermoso&#8217;yu yak\u0131n takibine ald\u0131.<\/p>\n<p> <strong>ANTRENMANA KATILMADI\u00a0<\/strong><\/p>\n<p> Hermoso&#8217;nun, Bayer Leverkusen&#8217;e kat\u0131lmay\u0131 kabul etti\u011fi ve transferin tamamlanmas\u0131nda art\u0131k kul\u00fcplerin muahedesine ba\u011fl\u0131 kald\u0131\u011f\u0131 belirtildi. \u00d6te yandan deneyimli stoper bug\u00fcn idmana \u00e7\u0131kmad\u0131.<\/p>\n<\/div>\n","protected":false},"excerpt":{"rendered":"<p>Bayer Leverkusen, Roma formas\u0131 giyen savunmac\u0131 Mario Hermoso&#8217;yu yak\u0131n takibine ald\u0131.<\/p>\n","protected":false},"author":1,"featured_media":10895,"comment_status":"open","ping_status":"open","sticky":false,"template":"","format":"standard","meta":{"footnotes":""},"categories":[25],"tags":[],"class_list":["post-10894","post","type-post","status-publish","format-standard","has-post-thumbnail","hentry","category-futbol"],"_links":{"self":[{"href":"https:\/\/haberbesiktas.tr\/index.php?rest_route=\/wp\/v2\/posts\/10894","targetHints":{"allow":["GET"]}}],"collection":[{"href":"https:\/\/haberbesiktas.tr\/index.php?rest_route=\/wp\/v2\/posts"}],"about":[{"href":"https:\/\/haberbesiktas.tr\/index.php?rest_route=\/wp\/v2\/types\/post"}],"author":[{"embeddable":true,"href":"https:\/\/haberbesiktas.tr\/index.php?rest_route=\/wp\/v2\/users\/1"}],"replies":[{"embeddable":true,"href":"https:\/\/haberbesiktas.tr\/index.php?rest_route=%2Fwp%2Fv2%2Fcomments&post=10894"}],"version-history":[{"count":1,"href":"https:\/\/haberbesiktas.tr\/index.php?rest_route=\/wp\/v2\/posts\/10894\/revisions"}],"predecessor-version":[{"id":10896,"href":"https:\/\/haberbesiktas.tr\/index.php?rest_route=\/wp\/v2\/posts\/10894\/revisions\/10896"}],"wp:featuredmedia":[{"embeddable":true,"href":"https:\/\/haberbesiktas.tr\/index.php?rest_route=\/wp\/v2\/media\/10895"}],"wp:attachment":[{"href":"https:\/\/haberbesiktas.tr\/index.php?rest_route=%2Fwp%2Fv2%2Fmedia&parent=10894"}],"wp:term":[{"taxonomy":"category","embeddable":true,"href":"https:\/\/haberbesiktas.tr\/index.php?rest_route=%2Fwp%2Fv2%2Fcategories&post=10894"},{"taxonomy":"post_tag","embeddable":true,"href":"https:\/\/haberbesiktas.tr\/index.php?rest_route=%2Fwp%2Fv2%2Ftags&post=10894"}],"curies":[{"name":"wp","href":"https:\/\/api.w.org\/{rel}","templated":true}]}}