{"id":10897,"date":"2025-02-21T18:36:06","date_gmt":"2025-02-21T18:36:06","guid":{"rendered":"https:\/\/haberbesiktas.tr\/?p=10897"},"modified":"2025-02-21T18:36:06","modified_gmt":"2025-02-21T18:36:06","slug":"besiktas-anlasma-sagladi-cengiz-under","status":"publish","type":"post","link":"https:\/\/haberbesiktas.tr\/?p=10897","title":{"rendered":"Be\u015fikta\u015f, anla\u015fma sa\u011flad\u0131: Cengiz \u00dcnder"},"content":{"rendered":"<div><span>Transfer \u00e7al\u0131\u015fmalar\u0131n\u0131 s\u00fcrd\u00fcren Be\u015fikta\u015f, Fenerbah\u00e7e&#8217;de forma giyen ulusal futbolcu Cengiz \u00dcnder&#8217;i tak\u0131m\u0131na katmak \u00fczere&#8230;<\/span><\/p>\n<p>Ertan S\u00fczg\u00fcn&#8217;\u00fcn haberine nazaran,\u00a0Be\u015fikta\u015f, Cengiz \u00dcnder ile muahede sa\u011flad\u0131.<\/p>\n<p> Haberde, i<span>ki kul\u00fcp ortas\u0131nda son ayr\u0131nt\u0131lar\u0131n g\u00f6r\u00fc\u015f\u00fcld\u00fc\u011f\u00fc belirtildi.<\/span><\/p>\n<p> Be\u015fikta\u015f, 27 ya\u015f\u0131ndaki futbolcunun transferi i\u00e7in Fenerbah\u00e7e&#8217;ye sat\u0131n alma opsiyonlu kiralama teklifi yapt\u0131 ve kar\u015f\u0131l\u0131k i\u00e7in beklemeye ge\u00e7ti.<\/p>\n<p> <strong>BU D\u00d6NEM PERFORMANSI<\/strong><\/p>\n<p> Fenerbah\u00e7e&#8217;de bu d\u00f6nem 7 ma\u00e7ta m\u00fchlet bulan Cengiz \u00dcnder, 161 dakika alanda kald\u0131.<\/p>\n<p> Akt\u00fcel piyasa bedeli 7.5 milyon euro olarak g\u00f6sterilen Cengiz \u00dcnder&#8217;in Fenerbah\u00e7e ile 2027 y\u0131l\u0131na kadar kontrat\u0131 bulunuyor.<\/p>\n<\/div>\n","protected":false},"excerpt":{"rendered":"<p>Be\u015fikta\u015f, Fenerbah\u00e7e&#8217;den Cengiz \u00dcnder ile mutabakat sa\u011flad\u0131. \u0130ki kul\u00fcp ortas\u0131nda son ayr\u0131nt\u0131lar g\u00f6r\u00fc\u015f\u00fcl\u00fcyor.<\/p>\n","protected":false},"author":1,"featured_media":10898,"comment_status":"open","ping_status":"open","sticky":false,"template":"","format":"standard","meta":{"footnotes":""},"categories":[25],"tags":[],"class_list":["post-10897","post","type-post","status-publish","format-standard","has-post-thumbnail","hentry","category-futbol"],"_links":{"self":[{"href":"https:\/\/haberbesiktas.tr\/index.php?rest_route=\/wp\/v2\/posts\/10897","targetHints":{"allow":["GET"]}}],"collection":[{"href":"https:\/\/haberbesiktas.tr\/index.php?rest_route=\/wp\/v2\/posts"}],"about":[{"href":"https:\/\/haberbesiktas.tr\/index.php?rest_route=\/wp\/v2\/types\/post"}],"author":[{"embeddable":true,"href":"https:\/\/haberbesiktas.tr\/index.php?rest_route=\/wp\/v2\/users\/1"}],"replies":[{"embeddable":true,"href":"https:\/\/haberbesiktas.tr\/index.php?rest_route=%2Fwp%2Fv2%2Fcomments&post=10897"}],"version-history":[{"count":1,"href":"https:\/\/haberbesiktas.tr\/index.php?rest_route=\/wp\/v2\/posts\/10897\/revisions"}],"predecessor-version":[{"id":10899,"href":"https:\/\/haberbesiktas.tr\/index.php?rest_route=\/wp\/v2\/posts\/10897\/revisions\/10899"}],"wp:featuredmedia":[{"embeddable":true,"href":"https:\/\/haberbesiktas.tr\/index.php?rest_route=\/wp\/v2\/media\/10898"}],"wp:attachment":[{"href":"https:\/\/haberbesiktas.tr\/index.php?rest_route=%2Fwp%2Fv2%2Fmedia&parent=10897"}],"wp:term":[{"taxonomy":"category","embeddable":true,"href":"https:\/\/haberbesiktas.tr\/index.php?rest_route=%2Fwp%2Fv2%2Fcategories&post=10897"},{"taxonomy":"post_tag","embeddable":true,"href":"https:\/\/haberbesiktas.tr\/index.php?rest_route=%2Fwp%2Fv2%2Ftags&post=10897"}],"curies":[{"name":"wp","href":"https:\/\/api.w.org\/{rel}","templated":true}]}}