{"id":10903,"date":"2025-02-21T19:00:07","date_gmt":"2025-02-21T19:00:07","guid":{"rendered":"https:\/\/haberbesiktas.tr\/?p=10903"},"modified":"2025-02-21T19:00:07","modified_gmt":"2025-02-21T19:00:07","slug":"besiktastan-olivier-ntcham-hamlesi","status":"publish","type":"post","link":"https:\/\/haberbesiktas.tr\/?p=10903","title":{"rendered":"Be\u015fikta\u015f&#8217;tan Olivier Ntcham hamlesi"},"content":{"rendered":"<div>Devre ortas\u0131 transfer \u00e7al\u0131\u015fmalar\u0131n\u0131 s\u00fcrd\u00fcren Be\u015fikta\u015f&#8217;ta yeni maksat ortaya \u00e7\u0131kt\u0131.<br \/> Ole Gunnar Solskjaer idaresindeki Be\u015fikta\u015f&#8217;ta atak ve orta saha s\u0131n\u0131r\u0131na destek i\u00e7in rota Samsun&#8217;a d\u00f6nd\u00fc.<\/p>\n<p> Foot Mercato&#8217;nun haberine nazaran <strong>Be\u015fikta\u015f, Samsunspor&#8217;da forma giyen Oliver Ntcham&#8217;\u0131 tak\u0131m\u0131na katmak istiyor.<\/strong><\/p>\n<p>Haberin ayr\u0131nt\u0131s\u0131nda, <strong>siyah-beyazl\u0131 idarenin, 28 ya\u015f\u0131ndaki futbolcuyu tak\u0131m\u0131na katabilmek i\u00e7in Samsunspor Ba\u015fkan\u0131 Y\u00fcksel Y\u0131ld\u0131r\u0131m&#8217;\u0131 ikna etmesi gerekti\u011fi<\/strong> belirtildi.<\/p>\n<p><strong>BU D\u00d6NEM NTCHAM<\/strong><\/p>\n<p> Oliver Ntcham bu d\u00f6nem Samsunspor formas\u0131yla 19 lig ma\u00e7\u0131nda 5 gol ve 1 asistlik katk\u0131 sa\u011flad\u0131.<\/p>\n<p><strong>KAR\u0130YER\u0130<\/strong><\/p>\n<p>Kul\u00fcb\u00fcyle olan mukavelesi 30 Haziran 2026 y\u0131l\u0131na kadar devam eden Olivier Ntcham, daha evvel Manchester City U23, Celtic, Swansea ve Genoa \u00fczere gruplar\u0131n formalar\u0131n\u0131 giydi.\u00a0\u00a0<\/p>\n<p> \u00a0<\/p>\n<\/div>\n","protected":false},"excerpt":{"rendered":"<p>Transfer \u00e7al\u0131\u015fmalar\u0131n\u0131 s\u00fcrd\u00fcren Be\u015fikta\u015f, Samsunspor formas\u0131 giyen Olivier Ntcham ile ilgileniyor.<\/p>\n","protected":false},"author":1,"featured_media":10904,"comment_status":"open","ping_status":"open","sticky":false,"template":"","format":"standard","meta":{"footnotes":""},"categories":[25],"tags":[],"class_list":["post-10903","post","type-post","status-publish","format-standard","has-post-thumbnail","hentry","category-futbol"],"_links":{"self":[{"href":"https:\/\/haberbesiktas.tr\/index.php?rest_route=\/wp\/v2\/posts\/10903","targetHints":{"allow":["GET"]}}],"collection":[{"href":"https:\/\/haberbesiktas.tr\/index.php?rest_route=\/wp\/v2\/posts"}],"about":[{"href":"https:\/\/haberbesiktas.tr\/index.php?rest_route=\/wp\/v2\/types\/post"}],"author":[{"embeddable":true,"href":"https:\/\/haberbesiktas.tr\/index.php?rest_route=\/wp\/v2\/users\/1"}],"replies":[{"embeddable":true,"href":"https:\/\/haberbesiktas.tr\/index.php?rest_route=%2Fwp%2Fv2%2Fcomments&post=10903"}],"version-history":[{"count":1,"href":"https:\/\/haberbesiktas.tr\/index.php?rest_route=\/wp\/v2\/posts\/10903\/revisions"}],"predecessor-version":[{"id":10905,"href":"https:\/\/haberbesiktas.tr\/index.php?rest_route=\/wp\/v2\/posts\/10903\/revisions\/10905"}],"wp:featuredmedia":[{"embeddable":true,"href":"https:\/\/haberbesiktas.tr\/index.php?rest_route=\/wp\/v2\/media\/10904"}],"wp:attachment":[{"href":"https:\/\/haberbesiktas.tr\/index.php?rest_route=%2Fwp%2Fv2%2Fmedia&parent=10903"}],"wp:term":[{"taxonomy":"category","embeddable":true,"href":"https:\/\/haberbesiktas.tr\/index.php?rest_route=%2Fwp%2Fv2%2Fcategories&post=10903"},{"taxonomy":"post_tag","embeddable":true,"href":"https:\/\/haberbesiktas.tr\/index.php?rest_route=%2Fwp%2Fv2%2Ftags&post=10903"}],"curies":[{"name":"wp","href":"https:\/\/api.w.org\/{rel}","templated":true}]}}