{"id":10912,"date":"2025-02-21T19:36:06","date_gmt":"2025-02-21T19:36:06","guid":{"rendered":"https:\/\/haberbesiktas.tr\/?p=10912"},"modified":"2025-02-21T19:36:06","modified_gmt":"2025-02-21T19:36:06","slug":"aston-villa-anlasma-sagladi-axel-disasi","status":"publish","type":"post","link":"https:\/\/haberbesiktas.tr\/?p=10912","title":{"rendered":"Aston Villa anla\u015fma sa\u011flad\u0131: Axel Disasi"},"content":{"rendered":"<div>\n<p>\u0130smi bir m\u00fcddettir Fenerbah\u00e7e ve Galatasaray ile de an\u0131lan Axel Disasi&#8217;nin yeni ekibi belirli oluyor.<\/p>\n<p> Fabrizio Romano&#8217;nun haberine nazaran; Aston Villa, Chelsea&#8217;nin Frans\u0131z futbolcusu Axel Disasi ile mutabakat sa\u011flad\u0131.<\/p>\n<p> Aston Villa&#8217;n\u0131n Disasi transferinde yaln\u0131zca kul\u00fcplerin muahedesi bekleniyor.<\/p>\n<p> Bu d\u00f6nem Chelsea formas\u0131yla 17 ma\u00e7a \u00e7\u0131kan savunmac\u0131, 2 gol 2 asistlik performans sergiledi.<\/p>\n<p> \u00a0<\/p>\n<\/div>\n","protected":false},"excerpt":{"rendered":"<p>Fenerbah\u00e7e ve Galatasaray ile de ismi an\u0131lan Chelsea oyuncusu Axel Disasi, Aston Villa mutabakat sa\u011flad\u0131.<\/p>\n","protected":false},"author":1,"featured_media":10913,"comment_status":"open","ping_status":"open","sticky":false,"template":"","format":"standard","meta":{"footnotes":""},"categories":[25],"tags":[],"class_list":["post-10912","post","type-post","status-publish","format-standard","has-post-thumbnail","hentry","category-futbol"],"_links":{"self":[{"href":"https:\/\/haberbesiktas.tr\/index.php?rest_route=\/wp\/v2\/posts\/10912","targetHints":{"allow":["GET"]}}],"collection":[{"href":"https:\/\/haberbesiktas.tr\/index.php?rest_route=\/wp\/v2\/posts"}],"about":[{"href":"https:\/\/haberbesiktas.tr\/index.php?rest_route=\/wp\/v2\/types\/post"}],"author":[{"embeddable":true,"href":"https:\/\/haberbesiktas.tr\/index.php?rest_route=\/wp\/v2\/users\/1"}],"replies":[{"embeddable":true,"href":"https:\/\/haberbesiktas.tr\/index.php?rest_route=%2Fwp%2Fv2%2Fcomments&post=10912"}],"version-history":[{"count":1,"href":"https:\/\/haberbesiktas.tr\/index.php?rest_route=\/wp\/v2\/posts\/10912\/revisions"}],"predecessor-version":[{"id":10914,"href":"https:\/\/haberbesiktas.tr\/index.php?rest_route=\/wp\/v2\/posts\/10912\/revisions\/10914"}],"wp:featuredmedia":[{"embeddable":true,"href":"https:\/\/haberbesiktas.tr\/index.php?rest_route=\/wp\/v2\/media\/10913"}],"wp:attachment":[{"href":"https:\/\/haberbesiktas.tr\/index.php?rest_route=%2Fwp%2Fv2%2Fmedia&parent=10912"}],"wp:term":[{"taxonomy":"category","embeddable":true,"href":"https:\/\/haberbesiktas.tr\/index.php?rest_route=%2Fwp%2Fv2%2Fcategories&post=10912"},{"taxonomy":"post_tag","embeddable":true,"href":"https:\/\/haberbesiktas.tr\/index.php?rest_route=%2Fwp%2Fv2%2Ftags&post=10912"}],"curies":[{"name":"wp","href":"https:\/\/api.w.org\/{rel}","templated":true}]}}