{"id":10915,"date":"2025-02-21T19:48:06","date_gmt":"2025-02-21T19:48:06","guid":{"rendered":"https:\/\/haberbesiktas.tr\/?p=10915"},"modified":"2025-02-21T19:48:06","modified_gmt":"2025-02-21T19:48:06","slug":"sanliurfali-engelli-cocugun-fenerbahce-hayali-gerceklestirildi","status":"publish","type":"post","link":"https:\/\/haberbesiktas.tr\/?p=10915","title":{"rendered":"\u015eanl\u0131urfal\u0131 engelli \u00e7ocu\u011fun Fenerbah\u00e7e hayali ger\u00e7ekle\u015ftirildi"},"content":{"rendered":"<div>\n<p>\u015eanl\u0131urfal\u0131 g\u00f6rme engelli Abdullah Karaman&#8217;\u0131n taraftar\u0131 oldu\u011fu Fenerbah\u00e7e&#8217;nin ma\u00e7\u0131n\u0131 trib\u00fcnden takip etme hayali ger\u00e7ekle\u015ftirildi.\u00a0<\/p>\n<p> \u015eanl\u0131urfa Vilayet Emniyet M\u00fcd\u00fcrl\u00fc\u011f\u00fcnden yap\u0131lan a\u00e7\u0131klamaya nazaran, Beyaz Baston G\u00f6rme Engelliler Haftas\u0131 aktiflikleri kapsam\u0131nda polis tak\u0131mlar\u0131, Ceylanp\u0131narl\u0131 Abdullah Karaman&#8217;\u0131 konutunda ziyaret ederek forma arma\u011fan etti.<\/p>\n<p> Ziyarette taraftar\u0131 oldu\u011fu Fenerbah\u00e7e&#8217;nin ma\u00e7\u0131n\u0131 trib\u00fcnden takip etme hayali bulundu\u011funu belirten Karaman&#8217;\u0131n iste\u011fi, Fenerbah\u00e7e idaresi taraf\u0131ndan kar\u015f\u0131land\u0131.<\/p>\n<p> \u0130l Emniyet M\u00fcd\u00fcrl\u00fc\u011f\u00fc taraf\u0131ndan g\u00f6revlendirilen polis e\u015fli\u011finde \u0130stanbul&#8217;a giden Karaman, Fenerbah\u00e7e&#8217;nin G\u00f6ztepe ile oynad\u0131\u011f\u0131 ma\u00e7\u0131 trib\u00fcnden takip etti.<\/p>\n<p> Kul\u00fcp taraf\u0131ndan \u00e7e\u015fitli ikramlar verilen Karaman, tertipte eme\u011fi ge\u00e7enlere te\u015fekk\u00fcr etti.<\/p>\n<p><img decoding=\"async\" src=\"https:\/\/haberbesiktas.tr\/wp-content\/uploads\/2025\/02\/sanliurfali-engelli-cocugun-fenerbahce-hayali-gerceklestirildi-0-kSW88hGh.jpg\"\/><\/p>\n<\/div>\n","protected":false},"excerpt":{"rendered":"<p>\u015eanl\u0131urfal\u0131 g\u00f6rme engelli Abdullah Karaman, Fenerbah\u00e7e&#8217;nin ma\u00e7\u0131n\u0131 trib\u00fcnden izleyerek hayalini ger\u00e7ekle\u015ftirdi.<\/p>\n","protected":false},"author":1,"featured_media":10916,"comment_status":"open","ping_status":"open","sticky":false,"template":"","format":"standard","meta":{"footnotes":""},"categories":[25],"tags":[],"class_list":["post-10915","post","type-post","status-publish","format-standard","has-post-thumbnail","hentry","category-futbol"],"_links":{"self":[{"href":"https:\/\/haberbesiktas.tr\/index.php?rest_route=\/wp\/v2\/posts\/10915","targetHints":{"allow":["GET"]}}],"collection":[{"href":"https:\/\/haberbesiktas.tr\/index.php?rest_route=\/wp\/v2\/posts"}],"about":[{"href":"https:\/\/haberbesiktas.tr\/index.php?rest_route=\/wp\/v2\/types\/post"}],"author":[{"embeddable":true,"href":"https:\/\/haberbesiktas.tr\/index.php?rest_route=\/wp\/v2\/users\/1"}],"replies":[{"embeddable":true,"href":"https:\/\/haberbesiktas.tr\/index.php?rest_route=%2Fwp%2Fv2%2Fcomments&post=10915"}],"version-history":[{"count":1,"href":"https:\/\/haberbesiktas.tr\/index.php?rest_route=\/wp\/v2\/posts\/10915\/revisions"}],"predecessor-version":[{"id":10918,"href":"https:\/\/haberbesiktas.tr\/index.php?rest_route=\/wp\/v2\/posts\/10915\/revisions\/10918"}],"wp:featuredmedia":[{"embeddable":true,"href":"https:\/\/haberbesiktas.tr\/index.php?rest_route=\/wp\/v2\/media\/10916"}],"wp:attachment":[{"href":"https:\/\/haberbesiktas.tr\/index.php?rest_route=%2Fwp%2Fv2%2Fmedia&parent=10915"}],"wp:term":[{"taxonomy":"category","embeddable":true,"href":"https:\/\/haberbesiktas.tr\/index.php?rest_route=%2Fwp%2Fv2%2Fcategories&post=10915"},{"taxonomy":"post_tag","embeddable":true,"href":"https:\/\/haberbesiktas.tr\/index.php?rest_route=%2Fwp%2Fv2%2Ftags&post=10915"}],"curies":[{"name":"wp","href":"https:\/\/api.w.org\/{rel}","templated":true}]}}