{"id":10928,"date":"2025-02-21T20:48:07","date_gmt":"2025-02-21T20:48:07","guid":{"rendered":"https:\/\/haberbesiktas.tr\/?p=10928"},"modified":"2025-02-21T20:48:07","modified_gmt":"2025-02-21T20:48:07","slug":"uefadan-halil-umut-melere-gorev","status":"publish","type":"post","link":"https:\/\/haberbesiktas.tr\/?p=10928","title":{"rendered":"UEFA&#8217;dan Halil Umut Meler&#8217;e g\u00f6rev"},"content":{"rendered":"<div>\n<p>FIFA kokartl\u0131 hakem Halil Umut Meler, 29 Ocak \u00c7ar\u015famba g\u00fcn\u00fc \u0130svi\u00e7re&#8217;nin Young Boys ile S\u0131rbistan&#8217;\u0131n K\u0131z\u0131ly\u0131ld\u0131z gruplar\u0131 ortas\u0131nda oynanacak UEFA \u015eampiyonlar Ligi m\u00fcsabakas\u0131n\u0131 y\u00f6netecek.<\/p>\n<p> \u0130svi\u00e7re&#8217;nin Bern kentindeki Wankdorf Stadyumu&#8217;nda saat 21.00&#8217;de ba\u015flayacak kar\u015f\u0131la\u015fmada, Halil Umut Meler&#8217;in yard\u0131mc\u0131l\u0131klar\u0131n\u0131 Kerem Ersoy ve \u0130brahim \u00c7a\u011flar Uyarcan yapacak. Kar\u015f\u0131la\u015fman\u0131n d\u00f6rd\u00fcnc\u00fc hakemi ise Arda Karde\u015fler olacak.\u00a0<\/p>\n<p> M\u00fcsabakada G\u00f6r\u00fcnt\u00fc Yard\u0131mc\u0131 Hakem (VAR) misyonunu \u0130talya Futbol Federasyonu&#8217;ndan Marco Di Bello \u00fcstlenirken, Yard\u0131mc\u0131 VAR (AVAR) olarak Paolo Mazzoleni vazife alacak<\/p>\n<\/div>\n","protected":false},"excerpt":{"rendered":"<p>FIFA kokartl\u0131 hakem Halil Umut Meler, 29 Ocak&#8217;ta Young Boys ile K\u0131z\u0131ly\u0131ld\u0131z ortas\u0131nda oynanacak \u015eampiyonlar Ligi ma\u00e7\u0131n\u0131 y\u00f6netecek.<\/p>\n","protected":false},"author":1,"featured_media":10929,"comment_status":"open","ping_status":"open","sticky":false,"template":"","format":"standard","meta":{"footnotes":""},"categories":[25],"tags":[],"class_list":["post-10928","post","type-post","status-publish","format-standard","has-post-thumbnail","hentry","category-futbol"],"_links":{"self":[{"href":"https:\/\/haberbesiktas.tr\/index.php?rest_route=\/wp\/v2\/posts\/10928","targetHints":{"allow":["GET"]}}],"collection":[{"href":"https:\/\/haberbesiktas.tr\/index.php?rest_route=\/wp\/v2\/posts"}],"about":[{"href":"https:\/\/haberbesiktas.tr\/index.php?rest_route=\/wp\/v2\/types\/post"}],"author":[{"embeddable":true,"href":"https:\/\/haberbesiktas.tr\/index.php?rest_route=\/wp\/v2\/users\/1"}],"replies":[{"embeddable":true,"href":"https:\/\/haberbesiktas.tr\/index.php?rest_route=%2Fwp%2Fv2%2Fcomments&post=10928"}],"version-history":[{"count":1,"href":"https:\/\/haberbesiktas.tr\/index.php?rest_route=\/wp\/v2\/posts\/10928\/revisions"}],"predecessor-version":[{"id":10930,"href":"https:\/\/haberbesiktas.tr\/index.php?rest_route=\/wp\/v2\/posts\/10928\/revisions\/10930"}],"wp:featuredmedia":[{"embeddable":true,"href":"https:\/\/haberbesiktas.tr\/index.php?rest_route=\/wp\/v2\/media\/10929"}],"wp:attachment":[{"href":"https:\/\/haberbesiktas.tr\/index.php?rest_route=%2Fwp%2Fv2%2Fmedia&parent=10928"}],"wp:term":[{"taxonomy":"category","embeddable":true,"href":"https:\/\/haberbesiktas.tr\/index.php?rest_route=%2Fwp%2Fv2%2Fcategories&post=10928"},{"taxonomy":"post_tag","embeddable":true,"href":"https:\/\/haberbesiktas.tr\/index.php?rest_route=%2Fwp%2Fv2%2Ftags&post=10928"}],"curies":[{"name":"wp","href":"https:\/\/api.w.org\/{rel}","templated":true}]}}