{"id":10931,"date":"2025-02-21T21:12:10","date_gmt":"2025-02-21T21:12:10","guid":{"rendered":"https:\/\/haberbesiktas.tr\/?p=10931"},"modified":"2025-02-21T21:12:10","modified_gmt":"2025-02-21T21:12:10","slug":"anderson-talisca-fenerbahce-icin-istanbulda","status":"publish","type":"post","link":"https:\/\/haberbesiktas.tr\/?p=10931","title":{"rendered":"Anderson Talisca, Fenerbah\u00e7e i\u00e7in \u0130stanbul&#8217;da"},"content":{"rendered":"<div>Fenerbah\u00e7e, Anderson Talisca transferinde keyifli sona ula\u015ft\u0131.<\/p>\n<p> Sar\u0131-lacivertliler, son olarak Al Nassr formas\u0131 giyen Anderson Talisca&#8217;y\u0131 renklerine ba\u011flad\u0131.<\/p>\n<p><strong>\u0130STANBUL&#8217;A GELD\u0130<\/strong><\/p>\n<p> Anderson Talisca ile transfer i\u00e7in muahede sa\u011flanmas\u0131n\u0131n akabinde Brezilyal\u0131 futbolcu \u0130stanbul&#8217;a geldi.<\/p>\n<p><img decoding=\"async\" src=\"https:\/\/haberbesiktas.tr\/wp-content\/uploads\/2025\/02\/anderson-talisca-fenerbahce-icin-istanbulda-0-slRfGi6f.png\"\/><\/p>\n<p><img decoding=\"async\" src=\"https:\/\/haberbesiktas.tr\/wp-content\/uploads\/2025\/02\/anderson-talisca-fenerbahce-icin-istanbulda-1-sHUNTGRW.png\"\/><\/p>\n<p> <strong>F.BAH\u00c7E RESMEN A\u00c7IKLADI<\/strong><\/p>\n<p> Fenerbah\u00e7e, Anderson Talisca&#8217;n\u0131n transferi i\u00e7in muahede sa\u011fland\u0131\u011f\u0131n\u0131 resmen a\u00e7\u0131klam\u0131\u015ft\u0131.<\/p>\n<p> Sar\u0131-lacivertlilerden yap\u0131lan a\u00e7\u0131klamada, &#8220;Kul\u00fcb\u00fcm\u00fcz, Anderson Talisca&#8217;n\u0131n transferi konusunda muahedeye varm\u0131\u015ft\u0131r&#8221; denilmi\u015fti.<\/p>\n<p> <span><br \/><img decoding=\"async\" src=\"https:\/\/haberbesiktas.tr\/wp-content\/uploads\/2025\/02\/anderson-talisca-fenerbahce-icin-istanbulda-2-ZHh739jk.jpg\"\/><br \/><\/span><\/p>\n<p> Sar\u0131-lacivertliler, Al Nassr ile mukavelesini fesheden Brezilyal\u0131 y\u0131ld\u0131z ile 1.5 y\u0131ll\u0131k muahede sa\u011flad\u0131.<strong><br \/><\/strong><\/p>\n<p> Anderson Talisca, s\u0131hhat denetimlerinden ge\u00e7mesinin akabinde resmen Fenerbah\u00e7e&#8217;ye kat\u0131lacak.<\/p>\n<p><strong>FENERBAH\u00c7E&#8217;DEN PAYLA\u015eIM GELD\u0130<\/p>\n<p><\/strong>Fenerbah\u00e7e, Anderson Talisca&#8217;n\u0131n u\u00e7aktan foto\u011fraf\u0131n\u0131 payla\u015ft\u0131 ve &#8220;Yeni meskenin seni bekliyor&#8221; notunu d\u00fc\u015ft\u00fc.<\/p>\n<p><img decoding=\"async\" src=\"https:\/\/haberbesiktas.tr\/wp-content\/uploads\/2025\/02\/anderson-talisca-fenerbahce-icin-istanbulda-3-wqKpzKVj.jpg\"\/><\/p>\n<p><strong>TALISCA DA U\u00c7AKTAN PAYLA\u015eIM YAPTI<\/p>\n<p><\/strong>Fenerbah\u00e7e i\u00e7in yola \u00e7\u0131kan Anderson Talisca da, u\u00e7aktan bir payla\u015f\u0131mda bulundu. Talisca&#8217;n\u0131n bu payla\u015f\u0131m\u0131 toplumsal medyada g\u00fcndem oldu.<\/p>\n<p> <img decoding=\"async\" src=\"https:\/\/haberbesiktas.tr\/wp-content\/uploads\/2025\/02\/anderson-talisca-fenerbahce-icin-istanbulda-4-VGE9MNGb.jpeg\"\/><\/p>\n<div>\u00a0<\/div>\n<\/div>\n","protected":false},"excerpt":{"rendered":"<p>Fenerbah\u00e7e, Al Nassr formas\u0131 giyen Anderson Talisca&#8217;n\u0131n transferi konusunda muahedeye var\u0131ld\u0131\u011f\u0131n\u0131 a\u00e7\u0131klad\u0131. Anderson Talisca&#8217;y\u0131 ta\u015f\u0131yan u\u00e7ak, \u0130stanbul&#8217;a ini\u015f yapt\u0131.<\/p>\n","protected":false},"author":1,"featured_media":10932,"comment_status":"open","ping_status":"open","sticky":false,"template":"","format":"standard","meta":{"footnotes":""},"categories":[25],"tags":[1233],"class_list":["post-10931","post","type-post","status-publish","format-standard","has-post-thumbnail","hentry","category-futbol","tag-anderson-talisca"],"_links":{"self":[{"href":"https:\/\/haberbesiktas.tr\/index.php?rest_route=\/wp\/v2\/posts\/10931","targetHints":{"allow":["GET"]}}],"collection":[{"href":"https:\/\/haberbesiktas.tr\/index.php?rest_route=\/wp\/v2\/posts"}],"about":[{"href":"https:\/\/haberbesiktas.tr\/index.php?rest_route=\/wp\/v2\/types\/post"}],"author":[{"embeddable":true,"href":"https:\/\/haberbesiktas.tr\/index.php?rest_route=\/wp\/v2\/users\/1"}],"replies":[{"embeddable":true,"href":"https:\/\/haberbesiktas.tr\/index.php?rest_route=%2Fwp%2Fv2%2Fcomments&post=10931"}],"version-history":[{"count":1,"href":"https:\/\/haberbesiktas.tr\/index.php?rest_route=\/wp\/v2\/posts\/10931\/revisions"}],"predecessor-version":[{"id":10938,"href":"https:\/\/haberbesiktas.tr\/index.php?rest_route=\/wp\/v2\/posts\/10931\/revisions\/10938"}],"wp:featuredmedia":[{"embeddable":true,"href":"https:\/\/haberbesiktas.tr\/index.php?rest_route=\/wp\/v2\/media\/10932"}],"wp:attachment":[{"href":"https:\/\/haberbesiktas.tr\/index.php?rest_route=%2Fwp%2Fv2%2Fmedia&parent=10931"}],"wp:term":[{"taxonomy":"category","embeddable":true,"href":"https:\/\/haberbesiktas.tr\/index.php?rest_route=%2Fwp%2Fv2%2Fcategories&post=10931"},{"taxonomy":"post_tag","embeddable":true,"href":"https:\/\/haberbesiktas.tr\/index.php?rest_route=%2Fwp%2Fv2%2Ftags&post=10931"}],"curies":[{"name":"wp","href":"https:\/\/api.w.org\/{rel}","templated":true}]}}