{"id":10946,"date":"2025-02-21T21:48:06","date_gmt":"2025-02-21T21:48:06","guid":{"rendered":"https:\/\/haberbesiktas.tr\/?p=10946"},"modified":"2025-02-21T21:48:06","modified_gmt":"2025-02-21T21:48:06","slug":"manisa-fk-deplasmanda-hata-yapmadi","status":"publish","type":"post","link":"https:\/\/haberbesiktas.tr\/?p=10946","title":{"rendered":"Manisa FK, deplasmanda hata yapmad\u0131"},"content":{"rendered":"<div>Trendyol 1.Lig&#8217;in 21. hafta ma\u00e7\u0131nda Manisa FK, Sakaryaspor&#8217;a konuk oldu.<\/p>\n<p>Yeni Sakarya Atat\u00fcrk Stadyumu&#8217;nda oynanan \u00e7abay\u0131 deplasman grubu 2-1 kazand\u0131.<\/p>\n<p>Manisa FK&#8217;ya galibiyeti getiren golleri dakika 29&#8217;dan <strong>Muhammed Kiprit<\/strong> ile dakika 65&#8217;te <strong>Demba Diallo<\/strong> kaydetti. Sakaryaspor&#8217;un tek gol\u00fcn\u00fc ise 90+2&#8217;de <strong>Ognjen Ozegovic<\/strong> att\u0131.<\/p>\n<p>Manisa FK, bu galibiyetin akabinde puan\u0131n\u0131 29 yapt\u0131. Sakaryaspor, 26 puanda kald\u0131.<\/p>\n<p>Trendyol 1. Lig&#8217;in bir sonraki haftas\u0131nda Manisa FK, Fatih Karag\u00fcmr\u00fck&#8217;\u00fc konuk edecek. Sakaryaspor, Amed SK deplasman\u0131na gidecek.<\/p><\/div>\n","protected":false},"excerpt":{"rendered":"<p>Trendyol 1.Lig&#8217;in 21. hafta ma\u00e7\u0131nda Manisa FK, deplasmanda Sakaryaspor&#8217;u 2-1 ma\u011flup etti.<\/p>\n","protected":false},"author":1,"featured_media":10947,"comment_status":"open","ping_status":"open","sticky":false,"template":"","format":"standard","meta":{"footnotes":""},"categories":[25],"tags":[1146],"class_list":["post-10946","post","type-post","status-publish","format-standard","has-post-thumbnail","hentry","category-futbol","tag-sakarya"],"_links":{"self":[{"href":"https:\/\/haberbesiktas.tr\/index.php?rest_route=\/wp\/v2\/posts\/10946","targetHints":{"allow":["GET"]}}],"collection":[{"href":"https:\/\/haberbesiktas.tr\/index.php?rest_route=\/wp\/v2\/posts"}],"about":[{"href":"https:\/\/haberbesiktas.tr\/index.php?rest_route=\/wp\/v2\/types\/post"}],"author":[{"embeddable":true,"href":"https:\/\/haberbesiktas.tr\/index.php?rest_route=\/wp\/v2\/users\/1"}],"replies":[{"embeddable":true,"href":"https:\/\/haberbesiktas.tr\/index.php?rest_route=%2Fwp%2Fv2%2Fcomments&post=10946"}],"version-history":[{"count":1,"href":"https:\/\/haberbesiktas.tr\/index.php?rest_route=\/wp\/v2\/posts\/10946\/revisions"}],"predecessor-version":[{"id":10948,"href":"https:\/\/haberbesiktas.tr\/index.php?rest_route=\/wp\/v2\/posts\/10946\/revisions\/10948"}],"wp:featuredmedia":[{"embeddable":true,"href":"https:\/\/haberbesiktas.tr\/index.php?rest_route=\/wp\/v2\/media\/10947"}],"wp:attachment":[{"href":"https:\/\/haberbesiktas.tr\/index.php?rest_route=%2Fwp%2Fv2%2Fmedia&parent=10946"}],"wp:term":[{"taxonomy":"category","embeddable":true,"href":"https:\/\/haberbesiktas.tr\/index.php?rest_route=%2Fwp%2Fv2%2Fcategories&post=10946"},{"taxonomy":"post_tag","embeddable":true,"href":"https:\/\/haberbesiktas.tr\/index.php?rest_route=%2Fwp%2Fv2%2Ftags&post=10946"}],"curies":[{"name":"wp","href":"https:\/\/api.w.org\/{rel}","templated":true}]}}