{"id":10966,"date":"2025-02-21T23:36:06","date_gmt":"2025-02-21T23:36:06","guid":{"rendered":"https:\/\/haberbesiktas.tr\/?p=10966"},"modified":"2025-02-21T23:36:06","modified_gmt":"2025-02-21T23:36:06","slug":"bayern-munih-jonas-urbigi-transfer-etti","status":"publish","type":"post","link":"https:\/\/haberbesiktas.tr\/?p=10966","title":{"rendered":"Bayern M\u00fcnih, Jonas Urbig&#8217;i transfer etti!"},"content":{"rendered":"<div>Bundesliga devi Bayern M\u00fcnih, kaleci rotasyonuna destekte bulundu.<\/p>\n<p> Bavyera temsilcisi, K\u00f6ln formas\u0131 giyen Jonas Urbig&#8217;i renklerine ba\u011flad\u0131.<\/p>\n<p> <strong>7 M\u0130LYON EURO BONSERV\u0130S \u00d6DEND\u0130<\/strong><\/p>\n<p> Bayern M\u00fcnih&#8217;in Jonas Urbig i\u00e7in 7 milyon euro bonservis bedeli \u00f6dedi\u011fi \u00f6\u011frenildi.<\/p>\n<p> <strong>2029&#8217;A KADAR S\u00d6ZLE\u015eME<\/strong><\/p>\n<p> 21 ya\u015f\u0131ndaki kaleci ile 30 Haziran 2029&#8217;a kadar mukavele imzaland\u0131.<\/p>\n<\/div>\n","protected":false},"excerpt":{"rendered":"<p>Bayern M\u00fcnih, 21 ya\u015f\u0131ndaki file bek\u00e7isi Jonas Urbig&#8217;i tak\u0131m\u0131na katt\u0131.<\/p>\n","protected":false},"author":1,"featured_media":10967,"comment_status":"open","ping_status":"open","sticky":false,"template":"","format":"standard","meta":{"footnotes":""},"categories":[25],"tags":[],"class_list":["post-10966","post","type-post","status-publish","format-standard","has-post-thumbnail","hentry","category-futbol"],"_links":{"self":[{"href":"https:\/\/haberbesiktas.tr\/index.php?rest_route=\/wp\/v2\/posts\/10966","targetHints":{"allow":["GET"]}}],"collection":[{"href":"https:\/\/haberbesiktas.tr\/index.php?rest_route=\/wp\/v2\/posts"}],"about":[{"href":"https:\/\/haberbesiktas.tr\/index.php?rest_route=\/wp\/v2\/types\/post"}],"author":[{"embeddable":true,"href":"https:\/\/haberbesiktas.tr\/index.php?rest_route=\/wp\/v2\/users\/1"}],"replies":[{"embeddable":true,"href":"https:\/\/haberbesiktas.tr\/index.php?rest_route=%2Fwp%2Fv2%2Fcomments&post=10966"}],"version-history":[{"count":1,"href":"https:\/\/haberbesiktas.tr\/index.php?rest_route=\/wp\/v2\/posts\/10966\/revisions"}],"predecessor-version":[{"id":10968,"href":"https:\/\/haberbesiktas.tr\/index.php?rest_route=\/wp\/v2\/posts\/10966\/revisions\/10968"}],"wp:featuredmedia":[{"embeddable":true,"href":"https:\/\/haberbesiktas.tr\/index.php?rest_route=\/wp\/v2\/media\/10967"}],"wp:attachment":[{"href":"https:\/\/haberbesiktas.tr\/index.php?rest_route=%2Fwp%2Fv2%2Fmedia&parent=10966"}],"wp:term":[{"taxonomy":"category","embeddable":true,"href":"https:\/\/haberbesiktas.tr\/index.php?rest_route=%2Fwp%2Fv2%2Fcategories&post=10966"},{"taxonomy":"post_tag","embeddable":true,"href":"https:\/\/haberbesiktas.tr\/index.php?rest_route=%2Fwp%2Fv2%2Ftags&post=10966"}],"curies":[{"name":"wp","href":"https:\/\/api.w.org\/{rel}","templated":true}]}}