{"id":10983,"date":"2025-02-22T00:48:06","date_gmt":"2025-02-22T00:48:06","guid":{"rendered":"https:\/\/haberbesiktas.tr\/?p=10983"},"modified":"2025-02-22T00:48:06","modified_gmt":"2025-02-22T00:48:06","slug":"mesut-bakkal-mucadele-iyi-ama-sonuc-kotu","status":"publish","type":"post","link":"https:\/\/haberbesiktas.tr\/?p=10983","title":{"rendered":"Mesut Bakkal: &#8220;M\u00fccadele iyi ama sonu\u00e7 k\u00f6t\u00fc&#8221;"},"content":{"rendered":"<div>\n<p>Trendyol 1. Lig&#8217;in 21. haftas\u0131nda konuk etti\u011fi Manisa FK&#8217;ye 2-1 yenilen Sakaryaspor&#8217;da teknik y\u00f6netici Mesut Bakkal, \u00e7aban\u0131n grubu \u00fcst s\u0131ralara ta\u015f\u0131ma f\u0131rsat\u0131 oldu\u011funu fakat sonucun kendilerini \u00fczd\u00fc\u011f\u00fcn\u00fc s\u00f6yledi.<\/p>\n<p> M\u00fcsabakan\u0131n akabinde d\u00fczenlenen bas\u0131n toplant\u0131s\u0131nda konu\u015fan Bakkal, 5 haftad\u0131r ma\u011flup olmayan ve son deplasman ma\u00e7\u0131ndan galibiyetle d\u00f6nen bir ekip olarak \u00e7ok \u00fczg\u00fcn olduklar\u0131n\u0131 lisana getirdi.\u00a0<\/p>\n<p> Bakkal, kar\u015f\u0131la\u015fmaya istedikleri \u00fczere ba\u015flayamad\u0131klar\u0131n\u0131 fakat sonradan oyunu dengelediklerini anlatarak,<strong> &#8220;Ummad\u0131\u011f\u0131m\u0131z bir gol yedik. \u0130kinci yar\u0131 yeni transferlerimizle oyuna ba\u015flad\u0131k, bask\u0131 da kurduk. Ka\u00e7\u0131rd\u0131\u011f\u0131m\u0131z goller var, birinci yar\u0131 bilhassa. Sonra tam bask\u0131 kurdu\u011fumuzda da ikinci gol\u00fc yedik. Al\u0131\u015f\u0131lm\u0131\u015f bu t\u00fcrl\u00fc olunca istikrarlar bozuluyor.&#8221;<\/strong> diye konu\u015ftu.<\/p>\n<p> Ma\u00e7a da ikinci yar\u0131daki \u00fczere daha \u00e7ok isteyen grup olarak ba\u015flamalar\u0131 gerekti\u011fini belirten Bakkal, &#8220;<strong>Yukar\u0131ya \u00e7\u0131kma ve tam kazan\u0131mlar\u0131m\u0131z\u0131 bir \u00f6ne g\u00f6t\u00fcrme ma\u00e7\u0131m\u0131zd\u0131. \u0130kinci yar\u0131daki gayretten mutluyum fakat sonu\u00e7 sahiden bizi \u00fczd\u00fc, oyuncular\u0131m\u0131z\u0131 da \u00fczd\u00fc. Beklemedi\u011fim bir yenilgi ald\u0131k.&#8221;<\/strong> de\u011ferlendirmesinde bulundu.<\/p>\n<p> \u00a0<\/p>\n<\/div>\n","protected":false},"excerpt":{"rendered":"<p>Sakaryaspor Teknik Y\u00f6neticisi Mesut Bakkal, alanlar\u0131nda Manisa FK&#8217;ye 2-1 yenildikleri ma\u00e7\u0131n akabinde a\u00e7\u0131klamalarda bulundu.<\/p>\n","protected":false},"author":1,"featured_media":10984,"comment_status":"open","ping_status":"open","sticky":false,"template":"","format":"standard","meta":{"footnotes":""},"categories":[25],"tags":[],"class_list":["post-10983","post","type-post","status-publish","format-standard","has-post-thumbnail","hentry","category-futbol"],"_links":{"self":[{"href":"https:\/\/haberbesiktas.tr\/index.php?rest_route=\/wp\/v2\/posts\/10983","targetHints":{"allow":["GET"]}}],"collection":[{"href":"https:\/\/haberbesiktas.tr\/index.php?rest_route=\/wp\/v2\/posts"}],"about":[{"href":"https:\/\/haberbesiktas.tr\/index.php?rest_route=\/wp\/v2\/types\/post"}],"author":[{"embeddable":true,"href":"https:\/\/haberbesiktas.tr\/index.php?rest_route=\/wp\/v2\/users\/1"}],"replies":[{"embeddable":true,"href":"https:\/\/haberbesiktas.tr\/index.php?rest_route=%2Fwp%2Fv2%2Fcomments&post=10983"}],"version-history":[{"count":1,"href":"https:\/\/haberbesiktas.tr\/index.php?rest_route=\/wp\/v2\/posts\/10983\/revisions"}],"predecessor-version":[{"id":10985,"href":"https:\/\/haberbesiktas.tr\/index.php?rest_route=\/wp\/v2\/posts\/10983\/revisions\/10985"}],"wp:featuredmedia":[{"embeddable":true,"href":"https:\/\/haberbesiktas.tr\/index.php?rest_route=\/wp\/v2\/media\/10984"}],"wp:attachment":[{"href":"https:\/\/haberbesiktas.tr\/index.php?rest_route=%2Fwp%2Fv2%2Fmedia&parent=10983"}],"wp:term":[{"taxonomy":"category","embeddable":true,"href":"https:\/\/haberbesiktas.tr\/index.php?rest_route=%2Fwp%2Fv2%2Fcategories&post=10983"},{"taxonomy":"post_tag","embeddable":true,"href":"https:\/\/haberbesiktas.tr\/index.php?rest_route=%2Fwp%2Fv2%2Ftags&post=10983"}],"curies":[{"name":"wp","href":"https:\/\/api.w.org\/{rel}","templated":true}]}}