{"id":10986,"date":"2025-02-22T01:00:06","date_gmt":"2025-02-22T01:00:06","guid":{"rendered":"https:\/\/haberbesiktas.tr\/?p=10986"},"modified":"2025-02-22T01:00:06","modified_gmt":"2025-02-22T01:00:06","slug":"20-yas-alti-buz-hokeyi-dunya-sampiyonasi-istanbulda-basladi","status":"publish","type":"post","link":"https:\/\/haberbesiktas.tr\/?p=10986","title":{"rendered":"20 Ya\u015f Alt\u0131 Buz Hokeyi D\u00fcnya \u015eampiyonas\u0131 \u0130stanbul&#8217;da ba\u015flad\u0131"},"content":{"rendered":"<p>T\u00fcrkiye, Erkekler 20 Ya\u015f Alt\u0131 Buz Hokeyi D\u00fcnya \u015eampiyonas\u0131 3. Klasman A Grubu&#8217;ndaki birinci ma\u00e7\u0131nda Bosna Hersek&#8217;i 9-1 ma\u011flup etti.\u00a0<\/p>\n<p> Memleketler aras\u0131 Buz Hokeyi Federasyonu (IIHF) tertibi olan ve T\u00fcrkiye Buz Hokeyi Federasyonunun (TBHF) konut sahipli\u011finde d\u00fczenlenen 2025 IIHF 20 Ya\u015f Alt\u0131 Erkekler D\u00fcnya \u015eampiyonas\u0131, \u0130stanbul&#8217;da ba\u015flad\u0131.<\/p>\n<p> 20 Ya\u015f Alt\u0131 Erkek Buz Hokeyi Ulusal Kadrosu, Zeytinburnu Buz Adas\u0131&#8217;nda ger\u00e7ekle\u015ftirilen turnuvadaki birinci kar\u015f\u0131la\u015fmas\u0131nda Bosna Hersek ile kar\u015f\u0131 kar\u015f\u0131ya geldi.<\/p>\n<p> Ay-y\u0131ld\u0131zl\u0131lar, Serdar G\u00f6k, Emin \u0130nand\u0131 (3), \u00d6mer Altay (2), Hamza Yavuz (2) ve Mehmet Karada\u011f&#8217;\u0131n kaydetti\u011fi gollerle pistten 9-1 galip ayr\u0131ld\u0131.<\/p>\n<p> Bosna Hersek&#8217;in tek gol\u00fc ise Tarik Mrkva&#8217;dan geldi.<\/p>\n<p> Bosna Hersek&#8217;i yenen ulusallar, tertipte Tayvan, Bulgaristan, Meksika ve Yeni Zelanda ile de kar\u015f\u0131la\u015facak.<\/p>\n<p> T\u00fcrkiye, \u015fampiyonadaki ikinci ma\u00e7\u0131nda yar\u0131n Tayvan ile kar\u015f\u0131 kar\u015f\u0131ya gelecek.<\/p>\n<p> \u00a0<\/p>\n","protected":false},"excerpt":{"rendered":"<p>Erkekler 20 Ya\u015f Alt\u0131 Buz Hokeyi D\u00fcnya \u015eampiyonas\u0131, \u0130stanbul&#8217;da ba\u015flad\u0131.<\/p>\n","protected":false},"author":1,"featured_media":10987,"comment_status":"open","ping_status":"open","sticky":false,"template":"","format":"standard","meta":{"footnotes":""},"categories":[27],"tags":[993],"class_list":["post-10986","post","type-post","status-publish","format-standard","has-post-thumbnail","hentry","category-guncel-haberler","tag-buz"],"_links":{"self":[{"href":"https:\/\/haberbesiktas.tr\/index.php?rest_route=\/wp\/v2\/posts\/10986","targetHints":{"allow":["GET"]}}],"collection":[{"href":"https:\/\/haberbesiktas.tr\/index.php?rest_route=\/wp\/v2\/posts"}],"about":[{"href":"https:\/\/haberbesiktas.tr\/index.php?rest_route=\/wp\/v2\/types\/post"}],"author":[{"embeddable":true,"href":"https:\/\/haberbesiktas.tr\/index.php?rest_route=\/wp\/v2\/users\/1"}],"replies":[{"embeddable":true,"href":"https:\/\/haberbesiktas.tr\/index.php?rest_route=%2Fwp%2Fv2%2Fcomments&post=10986"}],"version-history":[{"count":1,"href":"https:\/\/haberbesiktas.tr\/index.php?rest_route=\/wp\/v2\/posts\/10986\/revisions"}],"predecessor-version":[{"id":10988,"href":"https:\/\/haberbesiktas.tr\/index.php?rest_route=\/wp\/v2\/posts\/10986\/revisions\/10988"}],"wp:featuredmedia":[{"embeddable":true,"href":"https:\/\/haberbesiktas.tr\/index.php?rest_route=\/wp\/v2\/media\/10987"}],"wp:attachment":[{"href":"https:\/\/haberbesiktas.tr\/index.php?rest_route=%2Fwp%2Fv2%2Fmedia&parent=10986"}],"wp:term":[{"taxonomy":"category","embeddable":true,"href":"https:\/\/haberbesiktas.tr\/index.php?rest_route=%2Fwp%2Fv2%2Fcategories&post=10986"},{"taxonomy":"post_tag","embeddable":true,"href":"https:\/\/haberbesiktas.tr\/index.php?rest_route=%2Fwp%2Fv2%2Ftags&post=10986"}],"curies":[{"name":"wp","href":"https:\/\/api.w.org\/{rel}","templated":true}]}}