{"id":10992,"date":"2025-02-22T01:24:07","date_gmt":"2025-02-22T01:24:07","guid":{"rendered":"https:\/\/haberbesiktas.tr\/?p=10992"},"modified":"2025-02-22T01:24:07","modified_gmt":"2025-02-22T01:24:07","slug":"hakan-sapci-eksik-kadro-ile-kazandik","status":"publish","type":"post","link":"https:\/\/haberbesiktas.tr\/?p=10992","title":{"rendered":"Hakan \u015eap\u00e7\u0131: &#8220;Eksik kadro ile kazand\u0131k&#8221;"},"content":{"rendered":"<div>\n<p>Manisa FK Teknik Y\u00f6neticisi Hakan \u015eap\u00e7\u0131, iki haftad\u0131r i\u00e7 alanda kaybettikleri ma\u00e7lardan sonra kazand\u0131klar\u0131 i\u00e7in \u00e7ok sevin\u00e7li olduklar\u0131n\u0131 kaydetti.<\/p>\n<p> Kaybedilen ma\u00e7lar nedeniyle deplasmana gelirken hem puan hem de moral olarak g\u00fczel durumda olmad\u0131klar\u0131na de\u011finen \u015eap\u00e7\u0131, <strong>&#8220;Buraya \u00e7ok eksik tak\u0131mla geldik. De\u011ferli oyuncular\u0131m\u0131z sakat, hasta ya da cezal\u0131 fakat ekibimiz \u00e7ok uygun \u00e7aba g\u00f6sterdi. Rakip ekip da \u00e7ok duruma girdi. Kazand\u0131\u011f\u0131m\u0131z i\u00e7in \u00e7ok memnunum.&#8221;<\/strong> tabirlerini kulland\u0131.<\/p>\n<p> Hakan \u015eap\u00e7\u0131, Sakaryaspor \u00fczere b\u00fcy\u00fck bir toplulu\u011fun kar\u015f\u0131s\u0131nda galibiyet alman\u0131n kendileri i\u00e7in gurur vesilesi oldu\u011funu belirterek, <strong>&#8220;Manisa FK kadrosu olarak zorlayabildi\u011fimiz kadar \u00fcst s\u0131ralar i\u00e7in oynamaya \u00e7al\u0131\u015faca\u011f\u0131z. \u0130n\u015fallah bu galibiyet, yeni bir serinin ba\u015flang\u0131c\u0131 olur.&#8221;<\/strong> diye konu\u015ftu.<\/p>\n<p> \u00a0<\/p>\n<\/div>\n","protected":false},"excerpt":{"rendered":"<p>Manisa FK Teknik Y\u00f6neticisi Hakan \u015eap\u00e7\u0131, deplasmanda Sakaryaspor&#8217;u 2-1 ma\u011flup ettikleri ma\u00e7\u0131n akabinde a\u00e7\u0131klamalarda bulundu.<\/p>\n","protected":false},"author":1,"featured_media":10993,"comment_status":"open","ping_status":"open","sticky":false,"template":"","format":"standard","meta":{"footnotes":""},"categories":[25],"tags":[],"class_list":["post-10992","post","type-post","status-publish","format-standard","has-post-thumbnail","hentry","category-futbol"],"_links":{"self":[{"href":"https:\/\/haberbesiktas.tr\/index.php?rest_route=\/wp\/v2\/posts\/10992","targetHints":{"allow":["GET"]}}],"collection":[{"href":"https:\/\/haberbesiktas.tr\/index.php?rest_route=\/wp\/v2\/posts"}],"about":[{"href":"https:\/\/haberbesiktas.tr\/index.php?rest_route=\/wp\/v2\/types\/post"}],"author":[{"embeddable":true,"href":"https:\/\/haberbesiktas.tr\/index.php?rest_route=\/wp\/v2\/users\/1"}],"replies":[{"embeddable":true,"href":"https:\/\/haberbesiktas.tr\/index.php?rest_route=%2Fwp%2Fv2%2Fcomments&post=10992"}],"version-history":[{"count":1,"href":"https:\/\/haberbesiktas.tr\/index.php?rest_route=\/wp\/v2\/posts\/10992\/revisions"}],"predecessor-version":[{"id":10994,"href":"https:\/\/haberbesiktas.tr\/index.php?rest_route=\/wp\/v2\/posts\/10992\/revisions\/10994"}],"wp:featuredmedia":[{"embeddable":true,"href":"https:\/\/haberbesiktas.tr\/index.php?rest_route=\/wp\/v2\/media\/10993"}],"wp:attachment":[{"href":"https:\/\/haberbesiktas.tr\/index.php?rest_route=%2Fwp%2Fv2%2Fmedia&parent=10992"}],"wp:term":[{"taxonomy":"category","embeddable":true,"href":"https:\/\/haberbesiktas.tr\/index.php?rest_route=%2Fwp%2Fv2%2Fcategories&post=10992"},{"taxonomy":"post_tag","embeddable":true,"href":"https:\/\/haberbesiktas.tr\/index.php?rest_route=%2Fwp%2Fv2%2Ftags&post=10992"}],"curies":[{"name":"wp","href":"https:\/\/api.w.org\/{rel}","templated":true}]}}