{"id":11025,"date":"2025-02-22T04:00:07","date_gmt":"2025-02-22T04:00:07","guid":{"rendered":"https:\/\/haberbesiktas.tr\/?p=11025"},"modified":"2025-02-22T04:00:07","modified_gmt":"2025-02-22T04:00:07","slug":"galatasaray-kevin-dansoda-sona-yakin","status":"publish","type":"post","link":"https:\/\/haberbesiktas.tr\/?p=11025","title":{"rendered":"Galatasaray, Kevin Danso&#8217;da sona yak\u0131n"},"content":{"rendered":"<div>Transferi 6 \u015eubat \u00f6ncesinde bitirip, UEFA&#8217;ya verilecek yeni listeye yeti\u015ftirmek isteyen Galatasaray, stoper konusunda Kevin Danso&#8217;da k\u0131ymetli aral\u0131k kaydetti.<\/p>\n<p><strong>B\u00dcY\u00dcK EVRE KAYDED\u0130LD\u0130<\/strong><\/p>\n<p> Milliyet&#8217;in haberinde Fenerbah\u00e7e&#8217;nin transfer listesinde birinci s\u0131ralarda bulunan, ancak kul\u00fcb\u00fc Lens&#8217;in y\u00fcksek bonservis bedeli istemesi kar\u015f\u0131s\u0131nda vazge\u00e7ilen Danso&#8217;da sar\u0131-k\u0131rm\u0131z\u0131l\u0131lar\u0131n b\u00fcy\u00fck ilerleme kaydetti\u011fi vurguland\u0131.<\/p>\n<p> <strong>ADIM ADIM GALATASARAY&#8217;A<\/strong><\/p>\n<p>Haberde, Fransa pazar\u0131nda eli g\u00fc\u00e7l\u00fc olan Cim-Bom&#8217;un, 26 ya\u015f\u0131ndaki stopere yakla\u015ft\u0131\u011f\u0131 vurguland\u0131. <\/p>\n<p>24 sefer Avusturya Ulusal Grubu formas\u0131n\u0131 da giyen Danso&#8217;nun Lens ile 30 Haziran 2027&#8217;ye kadar mukavelesi bulunuyor. 3 d\u00f6nem evvel Lens&#8217;in 5 milyon euro&#8217;ya Augsburg&#8217;tan 5 milyon euroya transfer etti\u011fi Kevin Danso&#8217;nun bug\u00fcnk\u00fc piyasa pahas\u0131 25 milyon euro olarak g\u00f6r\u00fcl\u00fcyor.<\/p>\n<div>\u00a0<\/div>\n<\/div>\n","protected":false},"excerpt":{"rendered":"<p>Galatasaray, Lens formas\u0131 giyen stoper Kevin Danso i\u00e7in k\u0131ymetli aral\u0131k katetti.<\/p>\n","protected":false},"author":1,"featured_media":11026,"comment_status":"open","ping_status":"open","sticky":false,"template":"","format":"standard","meta":{"footnotes":""},"categories":[25],"tags":[],"class_list":["post-11025","post","type-post","status-publish","format-standard","has-post-thumbnail","hentry","category-futbol"],"_links":{"self":[{"href":"https:\/\/haberbesiktas.tr\/index.php?rest_route=\/wp\/v2\/posts\/11025","targetHints":{"allow":["GET"]}}],"collection":[{"href":"https:\/\/haberbesiktas.tr\/index.php?rest_route=\/wp\/v2\/posts"}],"about":[{"href":"https:\/\/haberbesiktas.tr\/index.php?rest_route=\/wp\/v2\/types\/post"}],"author":[{"embeddable":true,"href":"https:\/\/haberbesiktas.tr\/index.php?rest_route=\/wp\/v2\/users\/1"}],"replies":[{"embeddable":true,"href":"https:\/\/haberbesiktas.tr\/index.php?rest_route=%2Fwp%2Fv2%2Fcomments&post=11025"}],"version-history":[{"count":1,"href":"https:\/\/haberbesiktas.tr\/index.php?rest_route=\/wp\/v2\/posts\/11025\/revisions"}],"predecessor-version":[{"id":11027,"href":"https:\/\/haberbesiktas.tr\/index.php?rest_route=\/wp\/v2\/posts\/11025\/revisions\/11027"}],"wp:featuredmedia":[{"embeddable":true,"href":"https:\/\/haberbesiktas.tr\/index.php?rest_route=\/wp\/v2\/media\/11026"}],"wp:attachment":[{"href":"https:\/\/haberbesiktas.tr\/index.php?rest_route=%2Fwp%2Fv2%2Fmedia&parent=11025"}],"wp:term":[{"taxonomy":"category","embeddable":true,"href":"https:\/\/haberbesiktas.tr\/index.php?rest_route=%2Fwp%2Fv2%2Fcategories&post=11025"},{"taxonomy":"post_tag","embeddable":true,"href":"https:\/\/haberbesiktas.tr\/index.php?rest_route=%2Fwp%2Fv2%2Ftags&post=11025"}],"curies":[{"name":"wp","href":"https:\/\/api.w.org\/{rel}","templated":true}]}}