{"id":11038,"date":"2025-02-22T04:48:07","date_gmt":"2025-02-22T04:48:07","guid":{"rendered":"https:\/\/haberbesiktas.tr\/?p=11038"},"modified":"2025-02-22T04:48:07","modified_gmt":"2025-02-22T04:48:07","slug":"besiktasta-kanat-harekati-ansu-fati","status":"publish","type":"post","link":"https:\/\/haberbesiktas.tr\/?p=11038","title":{"rendered":"Be\u015fikta\u015f&#8217;ta kanat harekat\u0131: Ansu Fati"},"content":{"rendered":"<div>\n<p>Transfer \u00e7al\u0131\u015fmalar\u0131n\u0131 s\u00fcrd\u00fcren Be\u015fikta\u015f s\u00fcrpriz bir isme y\u00f6neldi.<\/p>\n<p> Sabah&#8217;\u0131n haberine nazaran siyah beyazl\u0131lar\u0131n birinci gayesi, Barcelona altyap\u0131s\u0131ndan yeti\u015fen ve birka\u00e7 d\u00f6nem evvel &#8216;gelece\u011fin en b\u00fcy\u00fck y\u0131ld\u0131z\u0131 olacak&#8217; denilen \u0130spanyol futbolcu, Ansu Fati oldu.\u00a0<\/p>\n<p> <strong>FENERBAH\u00c7E&#8217;DE ONUN PE\u015e\u0130NDE<\/strong><\/p>\n<p> Barcelona, mukavelesi Haziran 2027&#8217;de bitecek olan 22 ya\u015f\u0131ndaki oyuncuyu tekrar kiral\u0131k g\u00f6ndermeyi d\u00fc\u015f\u00fcn\u00fcyor. Be\u015fikta\u015f da bunu koz olarak kullan\u0131p d\u00fc\u015f\u00fck bir maliyetle Fati&#8217;yi tak\u0131m\u0131na katmak istiyor. \u0130smi Fenerbah\u00e7e ile de an\u0131lan gen\u00e7 futbolcu i\u00e7in siyah- beyazl\u0131lar\u0131n, sat\u0131n alma opsiyonlu kiralama teklifini ileterek beklemeye ge\u00e7ti\u011fi \u00f6\u011frenildi. Bu isim \u00f6ncelik olsa da listede bir\u00e7ok oyuncu bulundu\u011fu aktar\u0131ld\u0131.\u00a0<\/p>\n<p> <strong>SAKATLIKLAR PE\u015e\u0130N\u0130 BIRAKMADI<\/strong><\/p>\n<p> Barcelona altyap\u0131s\u0131ndan yeti\u015fen Ansu Fati, 2019- 2020&#8217;de Katalan tak\u0131m\u0131nda A gruba y\u00fckseldi. O d\u00f6nem 33 kar\u015f\u0131la\u015fmada ter d\u00f6ken ve 8 goll\u00fck katk\u0131 veren gen\u00e7 oyuncunun piyasa pahas\u0131 80 milyon Euro olarak g\u00f6steriliyordu. Bir sonraki devir ise menisk\u00fcs y\u0131rt\u0131\u011f\u0131 sebebiyle neredeyse b\u00fct\u00fcn d\u00f6nemi sakat ge\u00e7irdi. Daha sonra toparlanamayan ve sakatl\u0131klardan \u00e7ok \u00e7eken Fati, m\u00fcddet talihi bulmakta zorland\u0131.<\/p>\n<p> <strong>128 DAK\u0130KA ALANDA KALAB\u0130LD\u0130<\/strong><\/p>\n<p> 2023-24&#8217;te Brighton&#038;Hove Albion&#8217;a kiralanan oyuncu, alt bald\u0131r\u0131ndan sorun ya\u015fay\u0131nca orada da umdu\u011funu bulamad\u0131. Bar\u00e7a&#8217;ya geri d\u00f6nen Fati, bu d\u00f6nem da 11 ma\u00e7 ka\u00e7\u0131rd\u0131. 8 kar\u015f\u0131la\u015fmada yaln\u0131zca 128 dakika alanda kalabildi.<\/p>\n<\/div>\n","protected":false},"excerpt":{"rendered":"<p>Be\u015fikta\u015f, Barcelona&#8217;n\u0131n tak\u0131m planlamas\u0131nda d\u00fc\u015f\u00fcnmedi\u011fi y\u0131ld\u0131z oyuncu Ansu Fati&#8217;yi transfer listesine ekledi.<\/p>\n","protected":false},"author":1,"featured_media":11039,"comment_status":"open","ping_status":"open","sticky":false,"template":"","format":"standard","meta":{"footnotes":""},"categories":[25],"tags":[1236],"class_list":["post-11038","post","type-post","status-publish","format-standard","has-post-thumbnail","hentry","category-futbol","tag-fati"],"_links":{"self":[{"href":"https:\/\/haberbesiktas.tr\/index.php?rest_route=\/wp\/v2\/posts\/11038","targetHints":{"allow":["GET"]}}],"collection":[{"href":"https:\/\/haberbesiktas.tr\/index.php?rest_route=\/wp\/v2\/posts"}],"about":[{"href":"https:\/\/haberbesiktas.tr\/index.php?rest_route=\/wp\/v2\/types\/post"}],"author":[{"embeddable":true,"href":"https:\/\/haberbesiktas.tr\/index.php?rest_route=\/wp\/v2\/users\/1"}],"replies":[{"embeddable":true,"href":"https:\/\/haberbesiktas.tr\/index.php?rest_route=%2Fwp%2Fv2%2Fcomments&post=11038"}],"version-history":[{"count":1,"href":"https:\/\/haberbesiktas.tr\/index.php?rest_route=\/wp\/v2\/posts\/11038\/revisions"}],"predecessor-version":[{"id":11040,"href":"https:\/\/haberbesiktas.tr\/index.php?rest_route=\/wp\/v2\/posts\/11038\/revisions\/11040"}],"wp:featuredmedia":[{"embeddable":true,"href":"https:\/\/haberbesiktas.tr\/index.php?rest_route=\/wp\/v2\/media\/11039"}],"wp:attachment":[{"href":"https:\/\/haberbesiktas.tr\/index.php?rest_route=%2Fwp%2Fv2%2Fmedia&parent=11038"}],"wp:term":[{"taxonomy":"category","embeddable":true,"href":"https:\/\/haberbesiktas.tr\/index.php?rest_route=%2Fwp%2Fv2%2Fcategories&post=11038"},{"taxonomy":"post_tag","embeddable":true,"href":"https:\/\/haberbesiktas.tr\/index.php?rest_route=%2Fwp%2Fv2%2Ftags&post=11038"}],"curies":[{"name":"wp","href":"https:\/\/api.w.org\/{rel}","templated":true}]}}