{"id":11044,"date":"2025-02-22T05:12:05","date_gmt":"2025-02-22T05:12:05","guid":{"rendered":"https:\/\/haberbesiktas.tr\/?p=11044"},"modified":"2025-02-22T05:12:05","modified_gmt":"2025-02-22T05:12:05","slug":"besiktasta-solskjaer-acil-takviye-istedi","status":"publish","type":"post","link":"https:\/\/haberbesiktas.tr\/?p=11044","title":{"rendered":"Be\u015fikta\u015f&#8217;ta Solskjaer acil takviye istedi!"},"content":{"rendered":"<div>\n<p>Be\u015fikta\u015f&#8217;\u0131n Antalyaspor kar\u015f\u0131s\u0131ndaki olumsuz performans\u0131 Norve\u00e7li teknik y\u00f6neticisi harekete ge\u00e7irdi.<\/p>\n<p> Ole Gunnar Solskjaer&#8217;in birinci imtihan\u0131nda Athletic Bilbao&#8217;yu 4-1 ma\u011flup ederken futboluyla b\u00fcy\u00fck alk\u0131\u015f toplayan Be\u015fikta\u015f, Norve\u00e7li teknik adam\u0131n ikinci ma\u00e7\u0131nda Antalyaspor&#8217;la deplasmanda 1-1 berabere kald\u0131.<\/p>\n<p> Jean Onana ve Cher Ndour&#8217;u g\u00f6zden \u00e7\u0131karan hocan\u0131n bu oyuncular\u0131n yerine iki destek istedi\u011fi, Chamberlain&#8217;in ayr\u0131lmas\u0131 halinde bir transfer daha yap\u0131laca\u011f\u0131 tabir edildi.<\/p>\n<p> Solskjaer ve Lider Serdal Adal\u0131&#8217;n\u0131n transfer konusunda daima ba\u011flant\u0131 halinde olduklar\u0131 tabir edildi. Norve\u00e7li hoca, Antalyaspor ma\u00e7\u0131ndan sonra yapt\u0131\u011f\u0131 a\u00e7\u0131klamada, planlanan destekler i\u00e7in Lider Adal\u0131 ile fikir al\u0131\u015fveri\u015finde bulunduklar\u0131n\u0131 lisana getirmi\u015fti.<\/p>\n<p> <strong>CHAMBERLAIN \u0130\u00c7\u0130N KARAR VER\u0130LMED\u0130\u00a0<\/strong><\/p>\n<p> Be\u015fikta\u015f&#8217;ta Alex Oxlade Chamberlain&#8217;in durumu ise \u015fimdi netlik kazanmad\u0131. Antalyaspor ma\u00e7\u0131nda birinci 11&#8217;de forma giyen \u0130ngiliz futbolcu, Solskjaer&#8217;in verdi\u011fi baht\u0131 \u00e2l\u00e2 kullanamad\u0131. Chamberlain&#8217;in \u0130ngiltere&#8217;den d\u00fczg\u00fcn bir teklif gelmesi halinde kiral\u0131k olarak kadrodan ayr\u0131labilece\u011fi ileri s\u00fcr\u00fcld\u00fc. Siyah-beyazl\u0131lar bu ayr\u0131l\u0131\u011f\u0131n ger\u00e7ekle\u015fmesi halinde bir yabanc\u0131 deste\u011fi daha yapacak.<\/p>\n<p> \u00a0<\/p>\n<\/div>\n","protected":false},"excerpt":{"rendered":"<p>Trendyol Muhte\u015fem Lig&#8217;in 21. hafta ma\u00e7\u0131nda Antalyaspor m\u00fcsabakas\u0131nda olumsuz bir performans ortaya koyan siyah-beyazl\u0131larda, teknik i\u015fveren Ole Gunnar Solskjaer&#8217;in acil destek istedi\u011fi aktar\u0131ld\u0131.<\/p>\n","protected":false},"author":1,"featured_media":11045,"comment_status":"open","ping_status":"open","sticky":false,"template":"","format":"standard","meta":{"footnotes":""},"categories":[25],"tags":[],"class_list":["post-11044","post","type-post","status-publish","format-standard","has-post-thumbnail","hentry","category-futbol"],"_links":{"self":[{"href":"https:\/\/haberbesiktas.tr\/index.php?rest_route=\/wp\/v2\/posts\/11044","targetHints":{"allow":["GET"]}}],"collection":[{"href":"https:\/\/haberbesiktas.tr\/index.php?rest_route=\/wp\/v2\/posts"}],"about":[{"href":"https:\/\/haberbesiktas.tr\/index.php?rest_route=\/wp\/v2\/types\/post"}],"author":[{"embeddable":true,"href":"https:\/\/haberbesiktas.tr\/index.php?rest_route=\/wp\/v2\/users\/1"}],"replies":[{"embeddable":true,"href":"https:\/\/haberbesiktas.tr\/index.php?rest_route=%2Fwp%2Fv2%2Fcomments&post=11044"}],"version-history":[{"count":1,"href":"https:\/\/haberbesiktas.tr\/index.php?rest_route=\/wp\/v2\/posts\/11044\/revisions"}],"predecessor-version":[{"id":11046,"href":"https:\/\/haberbesiktas.tr\/index.php?rest_route=\/wp\/v2\/posts\/11044\/revisions\/11046"}],"wp:featuredmedia":[{"embeddable":true,"href":"https:\/\/haberbesiktas.tr\/index.php?rest_route=\/wp\/v2\/media\/11045"}],"wp:attachment":[{"href":"https:\/\/haberbesiktas.tr\/index.php?rest_route=%2Fwp%2Fv2%2Fmedia&parent=11044"}],"wp:term":[{"taxonomy":"category","embeddable":true,"href":"https:\/\/haberbesiktas.tr\/index.php?rest_route=%2Fwp%2Fv2%2Fcategories&post=11044"},{"taxonomy":"post_tag","embeddable":true,"href":"https:\/\/haberbesiktas.tr\/index.php?rest_route=%2Fwp%2Fv2%2Ftags&post=11044"}],"curies":[{"name":"wp","href":"https:\/\/api.w.org\/{rel}","templated":true}]}}