{"id":11047,"date":"2025-02-22T05:24:07","date_gmt":"2025-02-22T05:24:07","guid":{"rendered":"https:\/\/haberbesiktas.tr\/?p=11047"},"modified":"2025-02-22T05:24:07","modified_gmt":"2025-02-22T05:24:07","slug":"galatasaray-nelssonda-kararini-verdi","status":"publish","type":"post","link":"https:\/\/haberbesiktas.tr\/?p=11047","title":{"rendered":"Galatasaray, Nelsson&#8217;da karar\u0131n\u0131 verdi"},"content":{"rendered":"<div>Galatasaray&#8217;da Okan Buruk taraf\u0131ndan g\u00f6zden \u00e7\u0131kar\u0131lan ve son 6 lig ma\u00e7\u0131nda yaln\u0131zca 3 dakika alanda kalabilen Victor Nelsson ile yollar\u0131 ay\u0131rma konusunda yeni bir form\u00fcl aray\u0131\u015f\u0131 var.<\/p>\n<p><strong>KABUL ED\u0130LECEK<\/strong><\/p>\n<p> \u015eu ana kadar gelen bonservis tekliflerini be\u011fenmeyen Galatasaray, Danimarkal\u0131 futbolcuya gelecek olan sat\u0131n alma opsiyonlu kiralama isteklerini kabul etmeye karar verdi.<\/p>\n<p><strong>YEN\u0130 PLAN<\/strong><\/p>\n<p> B\u00f6ylelikle hem 26 ya\u015f\u0131ndaki savunmac\u0131 m\u00fcddet al\u0131p bedelini m\u00fcdafaaya devam edecek hem de d\u00f6nem sonunda daha geni\u015f bir vakitte daha uygun say\u0131lar kar\u015f\u0131l\u0131\u011f\u0131nda sat\u0131labilecek.<\/p>\n<p>26 ya\u015f\u0131ndaki stoper, Galatasaray formas\u0131yla bu d\u00f6nem 16 ma\u00e7a \u00e7\u0131kt\u0131 ve toplam 615 dakika m\u00fcddet alabildi.\u00a0<\/p>\n<\/div>\n","protected":false},"excerpt":{"rendered":"<p>Galatasaray, Victor Nelsson&#8217;a gelecek olan sat\u0131n alma opsiyonlu kiralama isteklerini kabul etmeye karar verdi.<\/p>\n","protected":false},"author":1,"featured_media":11048,"comment_status":"open","ping_status":"open","sticky":false,"template":"","format":"standard","meta":{"footnotes":""},"categories":[25],"tags":[],"class_list":["post-11047","post","type-post","status-publish","format-standard","has-post-thumbnail","hentry","category-futbol"],"_links":{"self":[{"href":"https:\/\/haberbesiktas.tr\/index.php?rest_route=\/wp\/v2\/posts\/11047","targetHints":{"allow":["GET"]}}],"collection":[{"href":"https:\/\/haberbesiktas.tr\/index.php?rest_route=\/wp\/v2\/posts"}],"about":[{"href":"https:\/\/haberbesiktas.tr\/index.php?rest_route=\/wp\/v2\/types\/post"}],"author":[{"embeddable":true,"href":"https:\/\/haberbesiktas.tr\/index.php?rest_route=\/wp\/v2\/users\/1"}],"replies":[{"embeddable":true,"href":"https:\/\/haberbesiktas.tr\/index.php?rest_route=%2Fwp%2Fv2%2Fcomments&post=11047"}],"version-history":[{"count":1,"href":"https:\/\/haberbesiktas.tr\/index.php?rest_route=\/wp\/v2\/posts\/11047\/revisions"}],"predecessor-version":[{"id":11049,"href":"https:\/\/haberbesiktas.tr\/index.php?rest_route=\/wp\/v2\/posts\/11047\/revisions\/11049"}],"wp:featuredmedia":[{"embeddable":true,"href":"https:\/\/haberbesiktas.tr\/index.php?rest_route=\/wp\/v2\/media\/11048"}],"wp:attachment":[{"href":"https:\/\/haberbesiktas.tr\/index.php?rest_route=%2Fwp%2Fv2%2Fmedia&parent=11047"}],"wp:term":[{"taxonomy":"category","embeddable":true,"href":"https:\/\/haberbesiktas.tr\/index.php?rest_route=%2Fwp%2Fv2%2Fcategories&post=11047"},{"taxonomy":"post_tag","embeddable":true,"href":"https:\/\/haberbesiktas.tr\/index.php?rest_route=%2Fwp%2Fv2%2Ftags&post=11047"}],"curies":[{"name":"wp","href":"https:\/\/api.w.org\/{rel}","templated":true}]}}