{"id":11050,"date":"2025-02-22T05:36:06","date_gmt":"2025-02-22T05:36:06","guid":{"rendered":"https:\/\/haberbesiktas.tr\/?p=11050"},"modified":"2025-02-22T05:36:06","modified_gmt":"2025-02-22T05:36:06","slug":"saint-maximin-kendine-geldi","status":"publish","type":"post","link":"https:\/\/haberbesiktas.tr\/?p=11050","title":{"rendered":"Saint-Maximin kendine geldi"},"content":{"rendered":"<div>Fenerbah\u00e7e&#8217;nin Frans\u0131z y\u0131ld\u0131z\u0131 Allan Saint-Maximin, G\u00f6ztepe kar\u015f\u0131s\u0131nda beklentileri kar\u015f\u0131layan bir performans sergiledi.<\/p>\n<p> Frans\u0131z y\u0131ld\u0131z, G\u00f6ztepe ma\u00e7\u0131ndan evvelki haftalarda son derece etkisizdi. Ligde son 3 ma\u00e7ta oynayamayan Maximin, uzun m\u00fchlet birinci 11&#8217;in d\u0131\u015f\u0131nda kald\u0131. Kiral\u0131k mukavelesinin fesh edilece\u011fi bile \u00f6ne s\u00fcr\u00fcld\u00fc.<\/p>\n<p> 27 ya\u015f\u0131ndaki oyuncu, G\u00f6ztepe ma\u00e7\u0131nda Fenerbah\u00e7e 1-0 yenik durumdayken ikinci yar\u0131n\u0131n ba\u015f\u0131nda Kostic ile birlikte oyuna dahil oldu.<\/p>\n<p> Maximin, son devirdeki en tesirli performans\u0131n\u0131 sergileyerek geri d\u00f6n\u00fc\u015f\u00fcn mimarlar\u0131 aras\u0131nda\u00a0yer\u00a0ald\u0131.<\/p>\n<p><strong>MAXIMIN&#8217;IN PERFORMANSI<\/strong><\/p>\n<p>Frans\u0131z oyuncu, bu d\u00f6nem Fenerbah\u00e7e formas\u0131yla \u00e7\u0131kt\u0131\u011f\u0131 24 ma\u00e7ta 3 gol 4 asist \u00fcretti.\u00a0<\/p>\n<\/div>\n","protected":false},"excerpt":{"rendered":"<p>Fenerbah\u00e7e&#8217;de Allan Saint-Maximin, G\u00f6ztepe ma\u00e7\u0131nda sergiledi\u011fi performans ve ortaya koydu\u011fu ruh ile taraftar\u0131n be\u011fenisini kazand\u0131.<\/p>\n","protected":false},"author":1,"featured_media":11051,"comment_status":"open","ping_status":"open","sticky":false,"template":"","format":"standard","meta":{"footnotes":""},"categories":[25],"tags":[],"class_list":["post-11050","post","type-post","status-publish","format-standard","has-post-thumbnail","hentry","category-futbol"],"_links":{"self":[{"href":"https:\/\/haberbesiktas.tr\/index.php?rest_route=\/wp\/v2\/posts\/11050","targetHints":{"allow":["GET"]}}],"collection":[{"href":"https:\/\/haberbesiktas.tr\/index.php?rest_route=\/wp\/v2\/posts"}],"about":[{"href":"https:\/\/haberbesiktas.tr\/index.php?rest_route=\/wp\/v2\/types\/post"}],"author":[{"embeddable":true,"href":"https:\/\/haberbesiktas.tr\/index.php?rest_route=\/wp\/v2\/users\/1"}],"replies":[{"embeddable":true,"href":"https:\/\/haberbesiktas.tr\/index.php?rest_route=%2Fwp%2Fv2%2Fcomments&post=11050"}],"version-history":[{"count":1,"href":"https:\/\/haberbesiktas.tr\/index.php?rest_route=\/wp\/v2\/posts\/11050\/revisions"}],"predecessor-version":[{"id":11052,"href":"https:\/\/haberbesiktas.tr\/index.php?rest_route=\/wp\/v2\/posts\/11050\/revisions\/11052"}],"wp:featuredmedia":[{"embeddable":true,"href":"https:\/\/haberbesiktas.tr\/index.php?rest_route=\/wp\/v2\/media\/11051"}],"wp:attachment":[{"href":"https:\/\/haberbesiktas.tr\/index.php?rest_route=%2Fwp%2Fv2%2Fmedia&parent=11050"}],"wp:term":[{"taxonomy":"category","embeddable":true,"href":"https:\/\/haberbesiktas.tr\/index.php?rest_route=%2Fwp%2Fv2%2Fcategories&post=11050"},{"taxonomy":"post_tag","embeddable":true,"href":"https:\/\/haberbesiktas.tr\/index.php?rest_route=%2Fwp%2Fv2%2Ftags&post=11050"}],"curies":[{"name":"wp","href":"https:\/\/api.w.org\/{rel}","templated":true}]}}