{"id":1114,"date":"2024-12-30T08:16:13","date_gmt":"2024-12-30T08:16:13","guid":{"rendered":"https:\/\/haberbesiktas.tr\/?p=1114"},"modified":"2024-12-30T08:16:13","modified_gmt":"2024-12-30T08:16:13","slug":"huseyin-yucelden-serdal-adaliya-tebrik-allah-utandirmasin","status":"publish","type":"post","link":"https:\/\/haberbesiktas.tr\/?p=1114","title":{"rendered":"H\u00fcseyin Y\u00fccel&#8217;den Serdal Adal\u0131&#8217;ya tebrik: Allah utand\u0131rmas\u0131n"},"content":{"rendered":"<div>\n<p>Be\u015fikta\u015f Ola\u011fan\u00fcst\u00fc Se\u00e7imli Genel Kurulu, Sinan Erdem Spor Salonu&#8217;nda ger\u00e7ekle\u015fiyor. A\u00e7\u0131lan 16 sand\u0131k itibar\u0131yla Serdal Adal\u0131 5 bin 117, H\u00fcseyin Y\u00fccel de 2 bin 157 oya ula\u015ft\u0131. Sonu\u00e7lar\u0131n a\u00e7\u0131klanmas\u0131n\u0131n ard\u0131ndan Ba\u015fkan Aday\u0131 H\u00fcseyin Y\u00fccel, di\u011fer aday Serdal Adal\u0131&#8217;n\u0131n yan\u0131na giderek, kesin olmayan sonu\u00e7lara g\u00f6re kendisini ve ekibini kutlad\u0131.<br \/>Daha sonra Divan Ba\u015fkan\u0131 Ahmet Akp\u0131nar ve oy say\u0131m\u0131 yapan g\u00f6revlilerle de vedala\u015fan Y\u00fccel, ekibiyle birlikte salondan ayr\u0131ld\u0131.<\/p>\n<\/div>\n","protected":false},"excerpt":{"rendered":"<p>Be\u015fikta\u015f Ba\u015fkan Aday\u0131 H\u00fcseyin Y\u00fccel, kesin olmayan sonu\u00e7lara g\u00f6re rakibi Serdal Adal\u0131&#8217;y\u0131 &#8221;Allah utand\u0131rmas\u0131n. Y\u0131lba\u015f\u0131ndan sonra ziyarete ilk ben gelece\u011fim.&#8221; s\u00f6zleriyle tebrik ederek salondan ayr\u0131ld\u0131.<\/p>\n","protected":false},"author":1,"featured_media":1115,"comment_status":"open","ping_status":"open","sticky":false,"template":"","format":"standard","meta":{"footnotes":""},"categories":[1],"tags":[],"class_list":["post-1114","post","type-post","status-publish","format-standard","has-post-thumbnail","hentry","category-besiktas-bjk-haberleri"],"_links":{"self":[{"href":"https:\/\/haberbesiktas.tr\/index.php?rest_route=\/wp\/v2\/posts\/1114","targetHints":{"allow":["GET"]}}],"collection":[{"href":"https:\/\/haberbesiktas.tr\/index.php?rest_route=\/wp\/v2\/posts"}],"about":[{"href":"https:\/\/haberbesiktas.tr\/index.php?rest_route=\/wp\/v2\/types\/post"}],"author":[{"embeddable":true,"href":"https:\/\/haberbesiktas.tr\/index.php?rest_route=\/wp\/v2\/users\/1"}],"replies":[{"embeddable":true,"href":"https:\/\/haberbesiktas.tr\/index.php?rest_route=%2Fwp%2Fv2%2Fcomments&post=1114"}],"version-history":[{"count":1,"href":"https:\/\/haberbesiktas.tr\/index.php?rest_route=\/wp\/v2\/posts\/1114\/revisions"}],"predecessor-version":[{"id":1116,"href":"https:\/\/haberbesiktas.tr\/index.php?rest_route=\/wp\/v2\/posts\/1114\/revisions\/1116"}],"wp:featuredmedia":[{"embeddable":true,"href":"https:\/\/haberbesiktas.tr\/index.php?rest_route=\/wp\/v2\/media\/1115"}],"wp:attachment":[{"href":"https:\/\/haberbesiktas.tr\/index.php?rest_route=%2Fwp%2Fv2%2Fmedia&parent=1114"}],"wp:term":[{"taxonomy":"category","embeddable":true,"href":"https:\/\/haberbesiktas.tr\/index.php?rest_route=%2Fwp%2Fv2%2Fcategories&post=1114"},{"taxonomy":"post_tag","embeddable":true,"href":"https:\/\/haberbesiktas.tr\/index.php?rest_route=%2Fwp%2Fv2%2Ftags&post=1114"}],"curies":[{"name":"wp","href":"https:\/\/api.w.org\/{rel}","templated":true}]}}