{"id":11143,"date":"2025-02-22T15:36:05","date_gmt":"2025-02-22T15:36:05","guid":{"rendered":"https:\/\/haberbesiktas.tr\/?p=11143"},"modified":"2025-02-22T15:36:05","modified_gmt":"2025-02-22T15:36:05","slug":"lyon-pierre-sage-ile-yollarini-ayirdi","status":"publish","type":"post","link":"https:\/\/haberbesiktas.tr\/?p=11143","title":{"rendered":"Lyon, Pierre Sage ile yollar\u0131n\u0131 ay\u0131rd\u0131"},"content":{"rendered":"<div>Lyon, son ma\u00e7larda mak\u00fbs sonu\u00e7lar\u0131n al\u0131nmas\u0131n\u0131n akabinde ayr\u0131l\u0131\u011f\u0131 resmen a\u00e7\u0131klad\u0131. <\/p>\n<p>Fransa Ligue 1 gruplar\u0131ndan Lyon, teknik y\u00f6netici Pierre Sage ile yollar\u0131n\u0131 ay\u0131rd\u0131\u011f\u0131n\u0131 a\u00e7\u0131klad\u0131.<\/p>\n<p> <span>Pierre Sage ve tak\u0131m\u0131, Fenerbah\u00e7e ma\u00e7\u0131n\u0131n son ma\u00e7lar\u0131 oldu\u011funun fark\u0131ndayd\u0131. Son ma\u00e7larda \u00fcst \u00fcste al\u0131nan mak\u00fbs sonu\u00e7lar\u0131n akabinde Textor, Sage ile yollar\u0131n ayr\u0131lmas\u0131na karar verdi.<\/span><\/p>\n<p><strong>FONSECA TEKL\u0130F\u0130 REDDETT\u0130<\/strong><\/p>\n<p><span>Ba\u015fkan John Textor,\u00a0 Milan&#8217;dan ayr\u0131lan teknik y\u00f6netici Paulo Fonseca g\u00f6r\u00fc\u015fm\u00fc\u015ft\u00fc. Lakin Fonseca Milan&#8217;dan gelen teklifi redetti.<\/span><\/div>\n","protected":false},"excerpt":{"rendered":"<p>Lyon, Frans\u0131z teknik y\u00f6netici Pierre Sage ile yollar\u0131n\u0131 ay\u0131rd\u0131.<\/p>\n","protected":false},"author":1,"featured_media":11144,"comment_status":"open","ping_status":"open","sticky":false,"template":"","format":"standard","meta":{"footnotes":""},"categories":[25],"tags":[],"class_list":["post-11143","post","type-post","status-publish","format-standard","has-post-thumbnail","hentry","category-futbol"],"_links":{"self":[{"href":"https:\/\/haberbesiktas.tr\/index.php?rest_route=\/wp\/v2\/posts\/11143","targetHints":{"allow":["GET"]}}],"collection":[{"href":"https:\/\/haberbesiktas.tr\/index.php?rest_route=\/wp\/v2\/posts"}],"about":[{"href":"https:\/\/haberbesiktas.tr\/index.php?rest_route=\/wp\/v2\/types\/post"}],"author":[{"embeddable":true,"href":"https:\/\/haberbesiktas.tr\/index.php?rest_route=\/wp\/v2\/users\/1"}],"replies":[{"embeddable":true,"href":"https:\/\/haberbesiktas.tr\/index.php?rest_route=%2Fwp%2Fv2%2Fcomments&post=11143"}],"version-history":[{"count":1,"href":"https:\/\/haberbesiktas.tr\/index.php?rest_route=\/wp\/v2\/posts\/11143\/revisions"}],"predecessor-version":[{"id":11145,"href":"https:\/\/haberbesiktas.tr\/index.php?rest_route=\/wp\/v2\/posts\/11143\/revisions\/11145"}],"wp:featuredmedia":[{"embeddable":true,"href":"https:\/\/haberbesiktas.tr\/index.php?rest_route=\/wp\/v2\/media\/11144"}],"wp:attachment":[{"href":"https:\/\/haberbesiktas.tr\/index.php?rest_route=%2Fwp%2Fv2%2Fmedia&parent=11143"}],"wp:term":[{"taxonomy":"category","embeddable":true,"href":"https:\/\/haberbesiktas.tr\/index.php?rest_route=%2Fwp%2Fv2%2Fcategories&post=11143"},{"taxonomy":"post_tag","embeddable":true,"href":"https:\/\/haberbesiktas.tr\/index.php?rest_route=%2Fwp%2Fv2%2Ftags&post=11143"}],"curies":[{"name":"wp","href":"https:\/\/api.w.org\/{rel}","templated":true}]}}