{"id":11263,"date":"2025-02-23T00:48:06","date_gmt":"2025-02-23T00:48:06","guid":{"rendered":"https:\/\/haberbesiktas.tr\/?p=11263"},"modified":"2025-02-23T00:48:06","modified_gmt":"2025-02-23T00:48:06","slug":"gaziantep-fk-izzet-ali-erdali-renklerine-bagladi","status":"publish","type":"post","link":"https:\/\/haberbesiktas.tr\/?p=11263","title":{"rendered":"Gaziantep FK, \u0130zzet Ali Erdal&#8217;\u0131 renklerine ba\u011flad\u0131"},"content":{"rendered":"<div>Trendyol S\u00fcper Lig tak\u0131mlar\u0131ndan Gaziantep FK, Hoffenheim formas\u0131 giyen defans oyuncusu \u0130zzet Ali Erdal&#8217;\u0131 renklerine ba\u011flad\u0131.<\/p>\n<p> Kul\u00fcpten yap\u0131lan a\u00e7\u0131klamaya nazaran, Bundesliga tak\u0131m\u0131 Hoffenheim formas\u0131 giyen stoper mevkisinde oynayan \u0130zzet Ali Erdal ile 2,5 y\u0131ll\u0131k mutabakata vard\u0131\u011f\u0131 belirtildi.<\/p>\n<p> A\u00e7\u0131klamada, &#8220;Yeni transferimiz \u0130zzet Ali Erdal, Kul\u00fcp Ba\u015fkan\u0131 Memik Y\u0131lmaz&#8217;\u0131n da kat\u0131ld\u0131\u011f\u0131 imza merasimiyle resmi kontrata imza att\u0131. \u0130zzet Ali&#8217;ye kul\u00fcb\u00fcm\u00fcze &#8216;ho\u015f geldin&#8217; diyor, armam\u0131z alt\u0131nda \u00fcst\u00fcn muvaffakiyetler diliyoruz.&#8221; s\u00f6zleri kullan\u0131ld\u0131.<\/p>\n<\/div>\n","protected":false},"excerpt":{"rendered":"<p>Trendyol S\u00fcper Lig tak\u0131mlar\u0131ndan Gaziantep FK, Hoffenheim formas\u0131 giyen defans oyuncusu \u0130zzet Ali Erdal&#8217;\u0131 tak\u0131m\u0131na katt\u0131.<\/p>\n","protected":false},"author":1,"featured_media":11264,"comment_status":"open","ping_status":"open","sticky":false,"template":"","format":"standard","meta":{"footnotes":""},"categories":[25],"tags":[],"class_list":["post-11263","post","type-post","status-publish","format-standard","has-post-thumbnail","hentry","category-futbol"],"_links":{"self":[{"href":"https:\/\/haberbesiktas.tr\/index.php?rest_route=\/wp\/v2\/posts\/11263","targetHints":{"allow":["GET"]}}],"collection":[{"href":"https:\/\/haberbesiktas.tr\/index.php?rest_route=\/wp\/v2\/posts"}],"about":[{"href":"https:\/\/haberbesiktas.tr\/index.php?rest_route=\/wp\/v2\/types\/post"}],"author":[{"embeddable":true,"href":"https:\/\/haberbesiktas.tr\/index.php?rest_route=\/wp\/v2\/users\/1"}],"replies":[{"embeddable":true,"href":"https:\/\/haberbesiktas.tr\/index.php?rest_route=%2Fwp%2Fv2%2Fcomments&post=11263"}],"version-history":[{"count":1,"href":"https:\/\/haberbesiktas.tr\/index.php?rest_route=\/wp\/v2\/posts\/11263\/revisions"}],"predecessor-version":[{"id":11265,"href":"https:\/\/haberbesiktas.tr\/index.php?rest_route=\/wp\/v2\/posts\/11263\/revisions\/11265"}],"wp:featuredmedia":[{"embeddable":true,"href":"https:\/\/haberbesiktas.tr\/index.php?rest_route=\/wp\/v2\/media\/11264"}],"wp:attachment":[{"href":"https:\/\/haberbesiktas.tr\/index.php?rest_route=%2Fwp%2Fv2%2Fmedia&parent=11263"}],"wp:term":[{"taxonomy":"category","embeddable":true,"href":"https:\/\/haberbesiktas.tr\/index.php?rest_route=%2Fwp%2Fv2%2Fcategories&post=11263"},{"taxonomy":"post_tag","embeddable":true,"href":"https:\/\/haberbesiktas.tr\/index.php?rest_route=%2Fwp%2Fv2%2Ftags&post=11263"}],"curies":[{"name":"wp","href":"https:\/\/api.w.org\/{rel}","templated":true}]}}