{"id":11266,"date":"2025-02-23T01:24:05","date_gmt":"2025-02-23T01:24:05","guid":{"rendered":"https:\/\/haberbesiktas.tr\/?p=11266"},"modified":"2025-02-23T01:24:05","modified_gmt":"2025-02-23T01:24:05","slug":"adana-demirspor-manchester-cityden-teknik-direktor-getiriyor","status":"publish","type":"post","link":"https:\/\/haberbesiktas.tr\/?p=11266","title":{"rendered":"Adana Demirspor, Manchester City&#8217;den teknik direkt\u00f6r getiriyor"},"content":{"rendered":"<div>Teknik y\u00f6netici Mustafa Kolcu ile yollar\u0131n\u0131 ay\u0131ran Adana Demirspor, yeni teknik y\u00f6neticisi i\u00e7in s\u00fcrpriz bir isimle mutabakata vard\u0131.<\/p>\n<p> Ya\u011f\u0131z Sabuncuo\u011flu&#8217;nun haberine nazaran; Adana Demirspor, Manchester City akademisinde vazife yapan teknik y\u00f6netici Mustafa Alper Avc\u0131 ile 1.5 y\u0131ll\u0131k mutabakata vard\u0131.<\/p>\n<p> Habere nazaran; Avc\u0131, resmi imza i\u00e7in T\u00fcrkiye&#8217;ye geldi ve k\u0131sa m\u00fchlet i\u00e7inde kendisini Adana Demirspor&#8217;un ba\u015f\u0131na ge\u00e7irecek imzay\u0131 atacak.<\/p>\n<p> Avc\u0131 mesle\u011finde; Konya Anadolu Sel\u00e7ukspor, Altay, Hekimo\u011flu, \u015eanl\u0131urfaspor, Chorley U21 \u00fczere kadrolarda teknik y\u00f6neticilik yaparken, Chorley&#8217;de altayap\u0131 koordinat\u00f6rl\u00fc\u011f\u00fc, Port Vale ve Manchester City&#8217;de ise altyap\u0131 antren\u00f6rl\u00fc\u011f\u00fc misyonunu \u00fcstlendi.<\/p>\n<\/div>\n","protected":false},"excerpt":{"rendered":"<p>Adana Demirspor, Manchester City akademisinde vazife yapan teknik y\u00f6netici Mustafa Alper Avc\u0131 ile 1.5 y\u0131ll\u0131k muahedeye vard\u0131.<\/p>\n","protected":false},"author":1,"featured_media":11267,"comment_status":"open","ping_status":"open","sticky":false,"template":"","format":"standard","meta":{"footnotes":""},"categories":[25],"tags":[],"class_list":["post-11266","post","type-post","status-publish","format-standard","has-post-thumbnail","hentry","category-futbol"],"_links":{"self":[{"href":"https:\/\/haberbesiktas.tr\/index.php?rest_route=\/wp\/v2\/posts\/11266","targetHints":{"allow":["GET"]}}],"collection":[{"href":"https:\/\/haberbesiktas.tr\/index.php?rest_route=\/wp\/v2\/posts"}],"about":[{"href":"https:\/\/haberbesiktas.tr\/index.php?rest_route=\/wp\/v2\/types\/post"}],"author":[{"embeddable":true,"href":"https:\/\/haberbesiktas.tr\/index.php?rest_route=\/wp\/v2\/users\/1"}],"replies":[{"embeddable":true,"href":"https:\/\/haberbesiktas.tr\/index.php?rest_route=%2Fwp%2Fv2%2Fcomments&post=11266"}],"version-history":[{"count":1,"href":"https:\/\/haberbesiktas.tr\/index.php?rest_route=\/wp\/v2\/posts\/11266\/revisions"}],"predecessor-version":[{"id":11268,"href":"https:\/\/haberbesiktas.tr\/index.php?rest_route=\/wp\/v2\/posts\/11266\/revisions\/11268"}],"wp:featuredmedia":[{"embeddable":true,"href":"https:\/\/haberbesiktas.tr\/index.php?rest_route=\/wp\/v2\/media\/11267"}],"wp:attachment":[{"href":"https:\/\/haberbesiktas.tr\/index.php?rest_route=%2Fwp%2Fv2%2Fmedia&parent=11266"}],"wp:term":[{"taxonomy":"category","embeddable":true,"href":"https:\/\/haberbesiktas.tr\/index.php?rest_route=%2Fwp%2Fv2%2Fcategories&post=11266"},{"taxonomy":"post_tag","embeddable":true,"href":"https:\/\/haberbesiktas.tr\/index.php?rest_route=%2Fwp%2Fv2%2Ftags&post=11266"}],"curies":[{"name":"wp","href":"https:\/\/api.w.org\/{rel}","templated":true}]}}