{"id":11272,"date":"2025-02-23T01:48:04","date_gmt":"2025-02-23T01:48:04","guid":{"rendered":"https:\/\/haberbesiktas.tr\/?p=11272"},"modified":"2025-02-23T01:48:04","modified_gmt":"2025-02-23T01:48:04","slug":"omer-erdogan-manajin-ayrilik-ihtimali-hakkinda-konustu","status":"publish","type":"post","link":"https:\/\/haberbesiktas.tr\/?p=11272","title":{"rendered":"\u00d6mer Erdo\u011fan, Manaj&#8217;\u0131n ayr\u0131l\u0131k ihtimali hakk\u0131nda konu\u015ftu"},"content":{"rendered":"<div>S\u00fcper Lig&#8217;in 22&#8217;nci haftas\u0131nda Ey\u00fcpspor ile oynayaca\u011f\u0131 ma\u00e7\u0131n haz\u0131rl\u0131klar\u0131n\u0131 s\u00fcrd\u00fcren Sivasspor&#8217;da teknik y\u00f6netici \u00d6mer Erdo\u011fan idman \u00f6ncesinde a\u00e7\u0131klamalarda bulundu.<\/p>\n<p> Kayserispor kar\u015f\u0131s\u0131nda k\u0131ymetli bir galibiyet ald\u0131klar\u0131n\u0131 belirten Erdo\u011fan, &#8220;Evet, do\u011fal ki uzun vakittir galip gelemiyorduk, ister istemez oyuncular\u0131m\u0131z \u00fczerinde bir bask\u0131, bir \u00f6zg\u00fcven eksikli\u011fi vard\u0131. Bu Kayserispor ma\u00e7\u0131 bizim i\u00e7in \u00e7ok \u00e7ok k\u0131ymetliydi. \u00c7ok \u015f\u00fck\u00fcr o ma\u00e7\u0131 istedi\u011fimiz formda galibiyetle bitirdik. Al\u0131\u015f\u0131lm\u0131\u015f ki o ma\u00e7\u0131 art\u0131k geride b\u0131rakt\u0131k. D\u00fcn o ma\u00e7\u0131n tahlilini yap\u0131p i\u015fte neleri daha d\u00fczg\u00fcn yapabiliriz?&#8221;<\/p>\n<p>&#8220;Nerde eksiklerimiz var. Onlar\u0131 arkada\u015flar\u0131m\u0131zla payla\u015ft\u0131k. O ma\u00e7 geride kald\u0131. Oyuncular\u0131ma da dedim. De\u011ferli bir galibiyet ald\u0131k fakat daha i\u015fimiz bitmedi. Daha \u00f6n\u00fcm\u00fczde \u00e7ok de\u011ferli, pahal\u0131 ma\u00e7lar var. Art\u0131k en k\u0131ymetli ma\u00e7\u0131m\u0131z Ey\u00fcp ma\u00e7\u0131. Ma\u00e7tan ma\u00e7a haz\u0131rlan\u0131yoruz. Ma\u00e7tan ma\u00e7a planlar\u0131m\u0131z\u0131 yap\u0131yoruz.&#8221;<\/p>\n<p>&#8220;Bug\u00fcn de idman \u00f6ncesi Ey\u00fcpspor&#8217;un tahliline ba\u015flad\u0131k. Ona nazaran bug\u00fcn \u00e7al\u0131\u015fmam\u0131z\u0131 yapaca\u011f\u0131z. Bug\u00fcn \u00e7al\u0131\u015faca\u011f\u0131z, yar\u0131n \u00e7al\u0131\u015faca\u011f\u0131z. Asl\u0131nda per\u015fembe g\u00fcn\u00fc de idman sonras\u0131 k\u0131smetse \u0130stanbul&#8217;a gidece\u011fiz. Oraya da g\u00fczel bir oyun i\u00e7in, \u00e2l\u00e2 bir gayret i\u00e7in gidiyoruz. Oyuncular\u0131ma g\u00fcveniyorum. Oradan da g\u00fczel sonu\u00e7 alaca\u011f\u0131m\u0131za inan\u0131yorum. Dedi\u011fim \u00fczere haz\u0131rl\u0131klar\u0131m\u0131z\u0131 yapaca\u011f\u0131z, in\u015fallah cuma g\u00fcn\u00fc bu \u00e7\u0131k\u0131\u015f\u0131m\u0131z\u0131 devam ettirmek istiyoruz&#8221; dedi.<\/p>\n<p> <strong>&#8216;RODR\u0130GUES 6 HAFTA YOK&#8217;<\/strong><\/p>\n<p> Gruptaki sakatl\u0131klar ve transfer \u00e7al\u0131\u015fmalar\u0131 hakk\u0131nda da bilgiler veren Erdo\u011fan, &#8220;Gary Rodrigues&#8217;in maalesef sakatl\u0131\u011f\u0131 \u00f6nemli. San\u0131r\u0131m 6 hafta ortam\u0131zda olamayacak. Bizim i\u00e7in \u00e7ok \u00fcz\u00fcc\u00fc oldu zati. O mevkilerde eksiklerimiz vard\u0131. Transfer yapmay\u0131 d\u00fc\u015f\u00fcnd\u00fc\u011f\u00fcm\u00fcz mevkilerdi. Fakat futbolda oluyor bu t\u00fcrl\u00fc \u015feyler. Art\u0131k onun yerine oynayacak arkada\u015flar\u0131m\u0131z in\u015fallah t\u0131pk\u0131 \u00e7abay\u0131 kadroyla bir arada verecek ve aratt\u0131rmayacak. Bu ortada ola\u011fan ki transfer g\u00f6r\u00fc\u015fmelerimiz de devam ediyor. Bu bir s\u00fcre\u00e7, in\u015fallah en yak\u0131n vakitte sonu\u00e7lan\u0131r.&#8221;<\/p>\n<p>&#8220;\u00c7ok \u00f6nemli g\u00f6r\u00fc\u015fmeler var. Teklif yollad\u0131\u011f\u0131m\u0131z kadrolar var, oyuncular var. \u0130ddian\u0131n bu hafta i\u00e7erisinde kat\u0131l\u0131k kazan\u0131r. \u0130n\u015fallah bir an evvel ortam\u0131za oyuncu kat\u0131l\u0131r, zira say\u0131sal manada eksiklerimiz var. Bilhassa grup i\u00e7erindeki rekabet ortam\u0131n\u0131 artt\u0131rmak, kaliteyi artt\u0131rmak i\u00e7in \u00e7ok acil transfere muhta\u00e7l\u0131\u011f\u0131m\u0131z var. Lakin burada da a\u011f\u0131r bir bi\u00e7imde g\u00f6r\u00fc\u015fmelerimiz, aray\u0131\u015flar\u0131m\u0131z devam ediyor.&#8221;<\/p>\n<p>&#8220;Biz de daima birebir \u015feyi s\u00f6z ediyorum lakin oyuncu almak i\u00e7in oyuncu almak istemiyoruz. Sahiden bize katk\u0131 sa\u011flayacak oyuncular\u0131 ortam\u0131za katmak istiyoruz. Devre ortas\u0131 da \u00e7ok kolay olmuyor bu s\u00fcre\u00e7. Fakat dedi\u011fim \u00fczere 3-4 tane belirledi\u011fimiz, bize yard\u0131mc\u0131 olabilecek, bizim ekibin kalitesini art\u0131rabilecek oyuncular\u0131 tespit ettik. Onlarla da \u015fu an idaremiz, sportif y\u00f6neticimiz g\u00f6r\u00fc\u015fmelerini devam ettiriyor&#8221; diye konu\u015ftu.<\/p>\n<p> <strong>&#8216;REY MANAJ&#8217;IN B\u0130Z\u0130MLE DEVAM ETMES\u0130N\u0130 \u0130ST\u0130YORUZ&#8217;<\/strong><\/p>\n<p> Transfer aray\u0131\u015flar\u0131 oldu\u011fu \u00fczere kadrodan ayr\u0131lacak isimler de olabilece\u011fini s\u00f6z eden Erdo\u011fan, Ray Manaj ile ilgili, &#8220;Transfer aray\u0131\u015f\u0131na girince \u00f6teki kul\u00fcb\u00fcn oyuncular\u0131na teklif yap\u0131yorsak bizim oyuncular\u0131m\u0131za nat\u00fcrel ki teklifler olur. Bu da \u00e7ok do\u011fal zira k\u0131ymetli oyuncular Rey Manaj da ba\u015fka oyuncular\u0131mla bir arada k\u0131ymetli oyuncu, asl\u0131nda son ma\u00e7ta kalitesini bir kere daha ispatlad\u0131.&#8221;<\/p>\n<p>&#8220;Baz\u0131 oyuncular da yollar\u0131m\u0131z\u0131 tahminen ay\u0131rabiliriz. Kendilerine de ilettik. Ancak bunlar da bir s\u00fcre\u00e7, oyuncular\u0131n kontratlar\u0131 devam ediyor. Devam eden mukaveleyi tek tarafl\u0131 feshedemiyorsunuz. \u00d6teki kul\u00fcplerin talip olmas\u0131 gerekiyor. Lakin dedi\u011fim \u00fczere bu transfer periyodunda daima bu s\u00f6ylentiler devam edecek. Daima medyada ister istemez birtak\u0131m kadrolara yak\u0131\u015ft\u0131racaklar. Lakin bizim kul\u00fcb\u00fcm\u00fcze bizi tatmin edecek teklif \u015fu an gelmedi.&#8221;<\/p>\n<p>&#8220;Zaten bu saatten sonra da bizim a\u00e7\u0131m\u0131zdan da \u00e7ok kah\u0131r olur. Zira k\u0131ymetli, bilhassa d\u00fc\u015f\u00fcnd\u00fc\u011f\u00fcm\u00fcz, ikinci yar\u0131 planlad\u0131\u011f\u0131m\u0131z oyuncular\u0131 kaybetmek istemem, zira m\u00fcddet \u00e7ok azald\u0131. Bilhassa Avrupa&#8217;da esasen hafta sonu transfer periyodu kapan\u0131yor. Avrupa&#8217;da transfer periyodu kapand\u0131ktan sonra bo\u015fta kalan oyuncular olur, oynayan yahut o grubun plan\u0131nda olan oyuncuyu mutlaka alamazs\u0131n\u0131z. Zira onlar da kendi planlar\u0131n\u0131 ona nazaran yap\u0131yorlar. \u015eu anki niyetimiz Rey Manaj&#8217;\u0131n bizimle devam etmesi&#8221; s\u00f6zlerini kulland\u0131.<\/p>\n<\/div>\n","protected":false},"excerpt":{"rendered":"<p>Sivasspor Teknik Y\u00f6neticisi \u00d6mer Erdo\u011fan, transfer \u00e7al\u0131\u015fmalar\u0131 hakk\u0131nda a\u00e7\u0131klamalarda bulundu.<\/p>\n","protected":false},"author":1,"featured_media":11273,"comment_status":"open","ping_status":"open","sticky":false,"template":"","format":"standard","meta":{"footnotes":""},"categories":[25],"tags":[909,853,43,52,48],"class_list":["post-11272","post","type-post","status-publish","format-standard","has-post-thumbnail","hentry","category-futbol","tag-bizim","tag-onemli","tag-oyun","tag-takim","tag-transfer"],"_links":{"self":[{"href":"https:\/\/haberbesiktas.tr\/index.php?rest_route=\/wp\/v2\/posts\/11272","targetHints":{"allow":["GET"]}}],"collection":[{"href":"https:\/\/haberbesiktas.tr\/index.php?rest_route=\/wp\/v2\/posts"}],"about":[{"href":"https:\/\/haberbesiktas.tr\/index.php?rest_route=\/wp\/v2\/types\/post"}],"author":[{"embeddable":true,"href":"https:\/\/haberbesiktas.tr\/index.php?rest_route=\/wp\/v2\/users\/1"}],"replies":[{"embeddable":true,"href":"https:\/\/haberbesiktas.tr\/index.php?rest_route=%2Fwp%2Fv2%2Fcomments&post=11272"}],"version-history":[{"count":1,"href":"https:\/\/haberbesiktas.tr\/index.php?rest_route=\/wp\/v2\/posts\/11272\/revisions"}],"predecessor-version":[{"id":11274,"href":"https:\/\/haberbesiktas.tr\/index.php?rest_route=\/wp\/v2\/posts\/11272\/revisions\/11274"}],"wp:featuredmedia":[{"embeddable":true,"href":"https:\/\/haberbesiktas.tr\/index.php?rest_route=\/wp\/v2\/media\/11273"}],"wp:attachment":[{"href":"https:\/\/haberbesiktas.tr\/index.php?rest_route=%2Fwp%2Fv2%2Fmedia&parent=11272"}],"wp:term":[{"taxonomy":"category","embeddable":true,"href":"https:\/\/haberbesiktas.tr\/index.php?rest_route=%2Fwp%2Fv2%2Fcategories&post=11272"},{"taxonomy":"post_tag","embeddable":true,"href":"https:\/\/haberbesiktas.tr\/index.php?rest_route=%2Fwp%2Fv2%2Ftags&post=11272"}],"curies":[{"name":"wp","href":"https:\/\/api.w.org\/{rel}","templated":true}]}}