{"id":11275,"date":"2025-02-23T02:12:05","date_gmt":"2025-02-23T02:12:05","guid":{"rendered":"https:\/\/haberbesiktas.tr\/?p=11275"},"modified":"2025-02-23T02:12:05","modified_gmt":"2025-02-23T02:12:05","slug":"cengiz-underin-besiktasa-transferinde-puruz","status":"publish","type":"post","link":"https:\/\/haberbesiktas.tr\/?p=11275","title":{"rendered":"Cengiz \u00dcnder&#8217;in Be\u015fikta\u015f&#8217;a transferinde p\u00fcr\u00fcz"},"content":{"rendered":"<div>Be\u015fikta\u015f&#8217;\u0131n Fenerbah\u00e7e&#8217;den kiralamaya haz\u0131rland\u0131\u011f\u0131 Cengiz \u00dcnder transferinde s\u00fcrpriz bir p\u00fcr\u00fcz ya\u015fand\u0131.<\/p>\n<p>Ya\u011f\u0131z Sabuncuo\u011flu&#8217;nun haberine nazaran;\u00a0<span>Be\u015fikta\u015f ve Fenerbah\u00e7e muahedesine kar\u015f\u0131n, toplumsal medyadan gelen reaksiyonlar sonras\u0131 Cengiz \u00dcnder&#8217;in morali bozuldu.<\/p>\n<p>\u00d6te yandan TRT Spor&#8217;un haberine nazaran;\u00a0<span>Cengiz \u00dcnder&#8217;in Be\u015fikta\u015f&#8217;a transferi mali kaidelerde anla\u015f\u0131lamamas\u0131 \u00fczerine iptal oldu.<br \/> <\/span><br \/><strong>PERFORMANSI<\/strong><\/p>\n<p><span>Fenerbah\u00e7e&#8217;de bu d\u00f6nem 7 ma\u00e7ta m\u00fchlet bulan Cengiz \u00dcnder, 161 dakika alanda kald\u0131.<\/span><\/p>\n<p><span>G\u00fcncel piyasa bedeli 7.5 milyon euro olarak g\u00f6sterilen Cengiz \u00dcnder&#8217;in Fenerbah\u00e7e ile 2027 y\u0131l\u0131na kadar mukavelesi bulunuyor.<\/span><br \/><\/span><\/div>\n","protected":false},"excerpt":{"rendered":"<p>Fenerbah\u00e7e ile Be\u015fikta\u015f&#8217;\u0131n mutabakat\u0131na kar\u015f\u0131n toplumsal medyadan ald\u0131\u011f\u0131 reaksiyonlar, Cengiz \u00dcnder&#8217;in moralini bozdu.<\/p>\n","protected":false},"author":1,"featured_media":11276,"comment_status":"open","ping_status":"open","sticky":false,"template":"","format":"standard","meta":{"footnotes":""},"categories":[25],"tags":[1230],"class_list":["post-11275","post","type-post","status-publish","format-standard","has-post-thumbnail","hentry","category-futbol","tag-cengiz-under"],"_links":{"self":[{"href":"https:\/\/haberbesiktas.tr\/index.php?rest_route=\/wp\/v2\/posts\/11275","targetHints":{"allow":["GET"]}}],"collection":[{"href":"https:\/\/haberbesiktas.tr\/index.php?rest_route=\/wp\/v2\/posts"}],"about":[{"href":"https:\/\/haberbesiktas.tr\/index.php?rest_route=\/wp\/v2\/types\/post"}],"author":[{"embeddable":true,"href":"https:\/\/haberbesiktas.tr\/index.php?rest_route=\/wp\/v2\/users\/1"}],"replies":[{"embeddable":true,"href":"https:\/\/haberbesiktas.tr\/index.php?rest_route=%2Fwp%2Fv2%2Fcomments&post=11275"}],"version-history":[{"count":1,"href":"https:\/\/haberbesiktas.tr\/index.php?rest_route=\/wp\/v2\/posts\/11275\/revisions"}],"predecessor-version":[{"id":11277,"href":"https:\/\/haberbesiktas.tr\/index.php?rest_route=\/wp\/v2\/posts\/11275\/revisions\/11277"}],"wp:featuredmedia":[{"embeddable":true,"href":"https:\/\/haberbesiktas.tr\/index.php?rest_route=\/wp\/v2\/media\/11276"}],"wp:attachment":[{"href":"https:\/\/haberbesiktas.tr\/index.php?rest_route=%2Fwp%2Fv2%2Fmedia&parent=11275"}],"wp:term":[{"taxonomy":"category","embeddable":true,"href":"https:\/\/haberbesiktas.tr\/index.php?rest_route=%2Fwp%2Fv2%2Fcategories&post=11275"},{"taxonomy":"post_tag","embeddable":true,"href":"https:\/\/haberbesiktas.tr\/index.php?rest_route=%2Fwp%2Fv2%2Ftags&post=11275"}],"curies":[{"name":"wp","href":"https:\/\/api.w.org\/{rel}","templated":true}]}}