{"id":11426,"date":"2025-02-23T15:00:05","date_gmt":"2025-02-23T15:00:05","guid":{"rendered":"https:\/\/haberbesiktas.tr\/?p=11426"},"modified":"2025-02-23T15:00:05","modified_gmt":"2025-02-23T15:00:05","slug":"besiktasta-umutlu-bekleyis-suruyor","status":"publish","type":"post","link":"https:\/\/haberbesiktas.tr\/?p=11426","title":{"rendered":"Be\u015fikta\u015f&#8217;ta umutlu bekleyi\u015f s\u00fcr\u00fcyor"},"content":{"rendered":"<div>Twente ma\u00e7\u0131 i\u00e7in geri say\u0131m s\u00fcrerken Be\u015fikta\u015f&#8217;ta iki kritik eksik dikkat \u00e7ekiyor. Antalya m\u00fcsabakas\u0131nda sakatlanan Emirhan Top\u00e7u ve Svensson, sal\u0131 g\u00fcnk\u00fc idmanda yer almad\u0131. <\/p>\n<p>Her iki oyuncunun durumu bug\u00fcnk\u00fc denetimlerin akabinde netlik kazanacak ve son taktik idmanda pahaland\u0131r\u0131lacak. <\/p>\n<p>Teknik y\u00f6netici Ole Gunnar Solskjaer&#8217;in, savunmada Tayyip Talha, Paulista ve Necip&#8217;in yoklu\u011funda bu iki oyuncudan en az birinin g\u00fczelle\u015fmesini umut etti\u011fi \u00f6\u011frenildi. <\/p>\n<p>\u00d6te yandan, ameliyat sonras\u0131 d\u00fcz ko\u015fulara ba\u015flayan Necip Uysal alanlara d\u00f6n\u00fc\u015f haz\u0131rl\u0131klar\u0131n\u0131 s\u00fcrd\u00fcr\u00fcyor.<\/p><\/div>\n","protected":false},"excerpt":{"rendered":"<p>Be\u015fikta\u015f, Twente ile oynayaca\u011f\u0131 kritik Avrupa Ligi ma\u00e7\u0131na odaklan\u0131rken, iki de\u011ferli oyuncunun sakatl\u0131k durumu ekibin g\u00fcndeminde.<\/p>\n","protected":false},"author":1,"featured_media":11427,"comment_status":"open","ping_status":"open","sticky":false,"template":"","format":"standard","meta":{"footnotes":""},"categories":[25],"tags":[],"class_list":["post-11426","post","type-post","status-publish","format-standard","has-post-thumbnail","hentry","category-futbol"],"_links":{"self":[{"href":"https:\/\/haberbesiktas.tr\/index.php?rest_route=\/wp\/v2\/posts\/11426","targetHints":{"allow":["GET"]}}],"collection":[{"href":"https:\/\/haberbesiktas.tr\/index.php?rest_route=\/wp\/v2\/posts"}],"about":[{"href":"https:\/\/haberbesiktas.tr\/index.php?rest_route=\/wp\/v2\/types\/post"}],"author":[{"embeddable":true,"href":"https:\/\/haberbesiktas.tr\/index.php?rest_route=\/wp\/v2\/users\/1"}],"replies":[{"embeddable":true,"href":"https:\/\/haberbesiktas.tr\/index.php?rest_route=%2Fwp%2Fv2%2Fcomments&post=11426"}],"version-history":[{"count":1,"href":"https:\/\/haberbesiktas.tr\/index.php?rest_route=\/wp\/v2\/posts\/11426\/revisions"}],"predecessor-version":[{"id":11428,"href":"https:\/\/haberbesiktas.tr\/index.php?rest_route=\/wp\/v2\/posts\/11426\/revisions\/11428"}],"wp:featuredmedia":[{"embeddable":true,"href":"https:\/\/haberbesiktas.tr\/index.php?rest_route=\/wp\/v2\/media\/11427"}],"wp:attachment":[{"href":"https:\/\/haberbesiktas.tr\/index.php?rest_route=%2Fwp%2Fv2%2Fmedia&parent=11426"}],"wp:term":[{"taxonomy":"category","embeddable":true,"href":"https:\/\/haberbesiktas.tr\/index.php?rest_route=%2Fwp%2Fv2%2Fcategories&post=11426"},{"taxonomy":"post_tag","embeddable":true,"href":"https:\/\/haberbesiktas.tr\/index.php?rest_route=%2Fwp%2Fv2%2Ftags&post=11426"}],"curies":[{"name":"wp","href":"https:\/\/api.w.org\/{rel}","templated":true}]}}