{"id":11429,"date":"2025-02-23T15:12:10","date_gmt":"2025-02-23T15:12:10","guid":{"rendered":"https:\/\/haberbesiktas.tr\/?p=11429"},"modified":"2025-02-23T15:12:10","modified_gmt":"2025-02-23T15:12:10","slug":"twenteye-athletic-bilbao-tarifesi","status":"publish","type":"post","link":"https:\/\/haberbesiktas.tr\/?p=11429","title":{"rendered":"Twente&#8217;ye Athletic Bilbao tarifesi"},"content":{"rendered":"<div>Be\u015fikta\u015f, UEFA Avrupa Ligi 8. hafta ma\u00e7\u0131nda per\u015fembe g\u00fcn\u00fc Hollanda temsilcisi Twente ile kar\u015f\u0131la\u015facak. Ge\u00e7ti\u011fimiz hafta k\u00fcmenin 7. ma\u00e7\u0131nda kupan\u0131n favori tak\u0131mlar\u0131ndan Athletic Bilbao&#8217;yu 4-2 ma\u011flup eden ve \u00e7ok uygun bir performans ortaya koyan siyah-beyazl\u0131 kadro, t\u0131pk\u0131 performans\u0131 Twente \u00f6n\u00fcnde de g\u00f6stermek istiyor.<\/p>\n<p> S\u00fcper Lig&#8217;de mak\u00fbs g\u00fcnler ge\u00e7iren, UEFA Avrupa Ligi&#8217;ne ise makus ba\u015flasa da sonradan toparlayan ve 9 puana ula\u015fan Be\u015fikta\u015f, k\u00fcmeden \u00e7\u0131kmak ismine bu ma\u00e7\u0131 da kazanmak istiyor. K\u00fcmede 24. s\u0131rada yer alan siyah- beyazl\u0131lar, birinci 24 grup ortas\u0131nda kal\u0131rsa play-off oynamaya hak kazanacak ve Avrupa&#8217;da yoluna devam edecek.<\/p>\n<p> <strong>BENZER TAKT\u0130K<\/strong><\/p>\n<p> Teknik y\u00f6netici Ole Gunnar Solskjaer, Avrupa ser\u00fcvenini \u00e7ok \u00f6nemsiyor. Daha evvel bu kupada Manchester United ile final oynayan Norve\u00e7li \u00e7al\u0131\u015ft\u0131r\u0131c\u0131, Athletic Bilabo ma\u00e7\u0131yla Be\u015fikta\u015f ser\u00fcvenine \u00e7ok d\u00fczg\u00fcn bir ba\u015flang\u0131\u00e7 yapm\u0131\u015ft\u0131.<\/p>\n<p> T\u0131pk\u0131 performans\u0131 Twente kar\u015f\u0131s\u0131nda g\u00f6stermeleri gerekti\u011fini lisana getiren 51 ya\u015f\u0131ndaki \u00e7al\u0131\u015ft\u0131r\u0131c\u0131, futbolcular\u0131na daima motivasyon c\u00fcmleleri kuruyor.<\/p>\n<p> Potansiyellerinin y\u00fcksek oldu\u011funu ve bunu Ispanyol grubuna kar\u015f\u0131 g\u00f6sterdiklerini belirten Solskjaer, 90 dakika oyunun i\u00e7inde kalarak, y\u00fcksek d\u00fczeyde fizik kaliteye ve \u00e7abay\u0131 alana yans\u0131tmalar\u0131 gerekti\u011fini d\u00fc\u015f\u00fcn\u00fcyor.<\/p>\n<\/div>\n","protected":false},"excerpt":{"rendered":"<p>Be\u015fikta\u015f, UEFA Avrupa Ligi 8. hafta ma\u00e7\u0131nda per\u015fembe g\u00fcn\u00fc Hollanda temsilcisi Twente ile kar\u015f\u0131la\u015facak.<\/p>\n","protected":false},"author":1,"featured_media":11430,"comment_status":"open","ping_status":"open","sticky":false,"template":"","format":"standard","meta":{"footnotes":""},"categories":[25],"tags":[],"class_list":["post-11429","post","type-post","status-publish","format-standard","has-post-thumbnail","hentry","category-futbol"],"_links":{"self":[{"href":"https:\/\/haberbesiktas.tr\/index.php?rest_route=\/wp\/v2\/posts\/11429","targetHints":{"allow":["GET"]}}],"collection":[{"href":"https:\/\/haberbesiktas.tr\/index.php?rest_route=\/wp\/v2\/posts"}],"about":[{"href":"https:\/\/haberbesiktas.tr\/index.php?rest_route=\/wp\/v2\/types\/post"}],"author":[{"embeddable":true,"href":"https:\/\/haberbesiktas.tr\/index.php?rest_route=\/wp\/v2\/users\/1"}],"replies":[{"embeddable":true,"href":"https:\/\/haberbesiktas.tr\/index.php?rest_route=%2Fwp%2Fv2%2Fcomments&post=11429"}],"version-history":[{"count":1,"href":"https:\/\/haberbesiktas.tr\/index.php?rest_route=\/wp\/v2\/posts\/11429\/revisions"}],"predecessor-version":[{"id":11431,"href":"https:\/\/haberbesiktas.tr\/index.php?rest_route=\/wp\/v2\/posts\/11429\/revisions\/11431"}],"wp:featuredmedia":[{"embeddable":true,"href":"https:\/\/haberbesiktas.tr\/index.php?rest_route=\/wp\/v2\/media\/11430"}],"wp:attachment":[{"href":"https:\/\/haberbesiktas.tr\/index.php?rest_route=%2Fwp%2Fv2%2Fmedia&parent=11429"}],"wp:term":[{"taxonomy":"category","embeddable":true,"href":"https:\/\/haberbesiktas.tr\/index.php?rest_route=%2Fwp%2Fv2%2Fcategories&post=11429"},{"taxonomy":"post_tag","embeddable":true,"href":"https:\/\/haberbesiktas.tr\/index.php?rest_route=%2Fwp%2Fv2%2Ftags&post=11429"}],"curies":[{"name":"wp","href":"https:\/\/api.w.org\/{rel}","templated":true}]}}