{"id":11483,"date":"2025-02-23T19:48:10","date_gmt":"2025-02-23T19:48:10","guid":{"rendered":"https:\/\/haberbesiktas.tr\/?p=11483"},"modified":"2025-02-23T19:48:10","modified_gmt":"2025-02-23T19:48:10","slug":"besiktasta-4-oyuncu-twentede-olmayacak","status":"publish","type":"post","link":"https:\/\/haberbesiktas.tr\/?p=11483","title":{"rendered":"Be\u015fikta\u015f&#8217;ta 4 oyuncu Twente&#8217;de olmayacak"},"content":{"rendered":"<div>Be\u015fikta\u015f, UEFA Avrupa Ligi 8. ve son hafta ma\u00e7\u0131nda per\u015fembe g\u00fcn\u00fc Hollanda temsilcisi Twente ile deplasmanda kar\u015f\u0131 kar\u015f\u0131ya gelecek.<\/p>\n<p> Twente Stad\u0131&#8217;nda oynanacak ve TS\u0130 23.00&#8217;te ba\u015flayacak kar\u015f\u0131la\u015fmay\u0131 Polonyal\u0131 hakem Szymon Marciniak y\u00f6netecek. Marciniak&#8217;\u0131n yard\u0131mc\u0131l\u0131klar\u0131n\u0131 Tomasz Listkiewicz ile Adam Kupsik \u00fcstlenecek.<\/p>\n<p> Siyah-beyazl\u0131lar, UEFA Avrupa Ligi&#8217;nde oynad\u0131\u011f\u0131 7 m\u00fcsabakada 3 galibiyet, 4 ma\u011flubiyet ya\u015fad\u0131.<\/p>\n<p> Son olarak alan\u0131nda Athletic Bilbao&#8217;yu 4-1 ile ge\u00e7en ve toplad\u0131\u011f\u0131 9 puan ile ligde 24. s\u0131rada bulunan Be\u015fikta\u015f, Twente deplasman\u0131nda kazanarak ismini birinci 16 ekip ortas\u0131na yazd\u0131r\u0131p play-off&#8217;lara seriba\u015f\u0131 olarak kat\u0131lmak istiyor.<\/p>\n<p> &#8220;Kara kartal&#8221; oynad\u0131\u011f\u0131 7 gayrette 10 kere gol sevinci ya\u015farken, 14 de ise topu filelerinde g\u00f6rd\u00fc.<\/p>\n<p> Joseph Oosting idaresindeki mesken sahibi grup ise bu d\u00f6nem Avrupa Ligi&#8217;nde oynad\u0131\u011f\u0131 7 m\u00fcsabakada 1 galibiyet, 4 beraberlik, 2 ma\u011flubiyet ya\u015fayarak 7 puan toplad\u0131 ve s\u0131ralamada 26. basamakta bulunuyor.<\/p>\n<p> Bu d\u00f6nem tertipte kalesinde 9 gol g\u00f6ren Hollanda grubu, 7 kere de rakip fileleri havaland\u0131rd\u0131.<\/p>\n<p> Twente, &#8220;Kupa 2&#8243;de 7. hafta u\u011fra\u015f\u0131nda Malm\u00f6&#8217;y\u00fc 3-2 ma\u011flup etmeyi ba\u015fard\u0131.<\/p>\n<p> <strong>Be\u015fikta\u015f, bu d\u00f6nem Avrupa&#8217;da 1 ma\u00e7ta gol yemedi<\/strong><\/p>\n<p> Siyah-beyazl\u0131 grup, bu d\u00f6nem Avrupa kupalar\u0131nda oynad\u0131\u011f\u0131 m\u00fcsabakalarda kalesini gole kapatmakta zahmet \u00e7ekti.<\/p>\n<p> UEFA Avrupa Ligi&#8217;ne play-off cinsinden ba\u015flayan Be\u015fikta\u015f, \u0130svi\u00e7re tak\u0131m\u0131 Lugano ile oynad\u0131\u011f\u0131 iki ma\u00e7ta kalesinde 4 gol g\u00f6rd\u00fc.<\/p>\n<p> Ad\u0131n\u0131 lig basama\u011f\u0131na yazd\u0131ran ve 2 yenilgiyle ba\u015flayan &#8220;Kara kartal&#8221; oynad\u0131\u011f\u0131 7 m\u00fcsabakada 10 att\u0131. Siyah-beyazl\u0131lar, kelam konusu 7 \u00e7abada 14 de gol yedi.<\/p>\n<p> Avrupa kupalar\u0131nda bu d\u00f6nem oynad\u0131\u011f\u0131 9 m\u00fcsabakada toplam 18 gol kaydeden siyah-beyazl\u0131 grup, rakiplerinin de t\u0131pk\u0131 say\u0131da gol\u00fcne ise p\u00fcr\u00fcz olamad\u0131.<\/p>\n<p> Be\u015fikta\u015f&#8217;\u0131n bu d\u00f6nem UEFA Avrupa Ligi&#8217;nde gol yemedi\u011fi tek kar\u015f\u0131la\u015fma, deplasmanda 1-0 kazan\u0131lan Olimpik Lyon ma\u00e7\u0131 olarak kay\u0131tlara ge\u00e7ti.<\/p>\n<p> <strong>Twente&#8217;nin en formda ismi Sem Steijn<\/strong><\/p>\n<p> Be\u015fikta\u015f&#8217;\u0131n deplasmanda kar\u015f\u0131la\u015faca\u011f\u0131 Twente&#8217;de en formda isim 23 ya\u015f\u0131ndaki orta saha oyuncusu Sem Steijn olarak g\u00f6ze \u00e7arp\u0131yor.<\/p>\n<p> Hollandal\u0131 futbolcu, bu d\u00f6nem Twente formas\u0131yla t\u00fcm kulvarlarda 28 ma\u00e7a \u00e7\u0131karken, ekibine 18 gol, 5 asistlik katk\u0131 sa\u011flad\u0131.<\/p>\n<p> Steijn, Avrupa Ligi&#8217;nde ise bu d\u00f6nem 6 m\u00fcsabakada 1 gol kaydetti.<\/p>\n<p> <strong>Eksikler<\/strong><\/p>\n<p> Siyah-beyazl\u0131larda Twente kar\u015f\u0131s\u0131nda 4 futbolcu forma giyemeyecek.<\/p>\n<p> Be\u015fikta\u015f&#8217;ta UEFA listesinde isimleri olmayan Necip Uysal ve Alex Oxlade-Chamberlain&#8217;nin yan\u0131 s\u0131ra sakatl\u0131klar\u0131 devam eden Gabriel Paulista ile Tayyip Talha Sanu\u00e7, Hollanda temsilcisine kar\u015f\u0131 forma giyemeyecek.<\/p>\n<p> \u00d6te yandan S\u00fcper Lig&#8217;de hafta sonu Antalyaspor ile deplasmanda kar\u015f\u0131la\u015fan Be\u015fikta\u015f&#8217;ta sakatl\u0131k ya\u015fayan Jonas Svensson ile Emirhan Top\u00e7u&#8217;nun durumunun ise s\u0131hhat heyetiyle yap\u0131lacak de\u011ferlendirmenin akabinde netlik kazanaca\u011f\u0131 \u00f6\u011frenildi.<\/p>\n<p> <strong>Be\u015fikta\u015f kazan\u0131rsa ismini play-off&#8217;a yazd\u0131racak<\/strong><\/p>\n<p> UEFA Avrupa Ligi&#8217;nde lig tablosunda 24. basamakta yer alan siyah-beyazl\u0131 ekip, son ma\u00e7\u0131nda Twente deplasman\u0131nda kazanmas\u0131 durumunda hi\u00e7bir sonuca bakmaks\u0131z\u0131n \u00fcst tipe y\u00fckselecek.<\/p>\n<p> &#8220;Kara kartal&#8221;\u0131n beraberlik ve yenilgi durumlar\u0131nda da ismini play-off&#8217;a yazd\u0131rmas\u0131 m\u00fcmk\u00fcn.<\/p>\n<p> Be\u015fikta\u015f, Hollanda deplasman\u0131nda kaybederse ba\u015fka m\u00fcsabakalar\u0131n sonu\u00e7lar\u0131 do\u011frultusunda yoluna devam edebilecek.<\/p>\n<p> Solskjaer&#8217;in grubu tek farkl\u0131 ma\u011flup olur, Maccabi Tel Aviv de Porto&#8217;yu deplasmanda 4 farkla yenerse, siyah-beyazl\u0131 grubun Avrupa maceras\u0131 son bulacak.<\/p>\n<p> Be\u015fikta\u015f&#8217;\u0131n bir farkla hezimeti durumunda Ferencvaros, AZ Alkmaar&#8217;a en az 5 farkl\u0131 ma\u011flup olursa, siyah-beyazl\u0131 tak\u0131m, Macaristan temsilcisini geride b\u0131rakacak.<\/p>\n<p> Birinci 24 i\u00e7inde yer almayan gruplardan Porto, meskeninde en fazla 2 farkl\u0131 halde Maccabi Tel Aviv&#8217;e yenilirse, Braga alan\u0131nda Lazio&#8217;yu yenemezse ve Hoffenheim da Anderlecht deplasman\u0131nda kazanamazsa, Be\u015fikta\u015f bir farkla yenilse de play-off etab\u0131na y\u00fckselecek.<\/p>\n<p> Avrupa Ligi&#8217;nde 9 puan\u0131 bulunan Roma, ikinci s\u0131rada bulunan Eintracht Frankfurt&#8217;a alan\u0131nda 7 farkl\u0131 yenilirse, siyah-beyazl\u0131lar tek farkl\u0131 kaybetse de \u0130talyan kadrosunu geride b\u0131rakabilecek.<\/p>\n<p><strong>UEFA kadrosu<\/strong><\/p>\n<p> Be\u015fikta\u015f&#8217;\u0131n UEFA Avrupa Ligi tak\u0131m\u0131nda \u015fu oyuncular yer al\u0131yor:<\/p>\n<p> Ersin Destano\u011flu, Mert G\u00fcnok, G\u00f6ktu\u011f Baytekin, Jonas Svensson, Gabriel Paulista, Onur Bulut, Tayyip Talha Sanu\u00e7, Felix Uduokhai, Bakhtiyor Zaynutdinov, Arthur Masuaku, Emirhan Top\u00e7u, Emrecan Terzi, Moatasem Al-Musrati, Milot Rashica, Salih U\u00e7an, Joao Mario, Ernest Mu\u00e7i, Jean Onana, Cher Ndour, Gedson Fernandes, Semih K\u0131l\u0131\u00e7soy, Ciro Immobile, Rafa Silva, Mustafa Hekimo\u011flu.<\/p>\n<\/div>\n","protected":false},"excerpt":{"rendered":"<p>Siyah-beyazl\u0131 futbol grubu, 8. hafta ma\u00e7\u0131nda per\u015fembe g\u00fcn\u00fc Hollanda temsilcisi Twente ile deplasmanda kar\u015f\u0131la\u015facak<\/p>\n","protected":false},"author":1,"featured_media":11484,"comment_status":"open","ping_status":"open","sticky":false,"template":"","format":"standard","meta":{"footnotes":""},"categories":[25],"tags":[71,77,152,52,611],"class_list":["post-11483","post","type-post","status-publish","format-standard","has-post-thumbnail","hentry","category-futbol","tag-besiktas","tag-gol","tag-siyah-beyazli","tag-takim","tag-twente"],"_links":{"self":[{"href":"https:\/\/haberbesiktas.tr\/index.php?rest_route=\/wp\/v2\/posts\/11483","targetHints":{"allow":["GET"]}}],"collection":[{"href":"https:\/\/haberbesiktas.tr\/index.php?rest_route=\/wp\/v2\/posts"}],"about":[{"href":"https:\/\/haberbesiktas.tr\/index.php?rest_route=\/wp\/v2\/types\/post"}],"author":[{"embeddable":true,"href":"https:\/\/haberbesiktas.tr\/index.php?rest_route=\/wp\/v2\/users\/1"}],"replies":[{"embeddable":true,"href":"https:\/\/haberbesiktas.tr\/index.php?rest_route=%2Fwp%2Fv2%2Fcomments&post=11483"}],"version-history":[{"count":1,"href":"https:\/\/haberbesiktas.tr\/index.php?rest_route=\/wp\/v2\/posts\/11483\/revisions"}],"predecessor-version":[{"id":11485,"href":"https:\/\/haberbesiktas.tr\/index.php?rest_route=\/wp\/v2\/posts\/11483\/revisions\/11485"}],"wp:featuredmedia":[{"embeddable":true,"href":"https:\/\/haberbesiktas.tr\/index.php?rest_route=\/wp\/v2\/media\/11484"}],"wp:attachment":[{"href":"https:\/\/haberbesiktas.tr\/index.php?rest_route=%2Fwp%2Fv2%2Fmedia&parent=11483"}],"wp:term":[{"taxonomy":"category","embeddable":true,"href":"https:\/\/haberbesiktas.tr\/index.php?rest_route=%2Fwp%2Fv2%2Fcategories&post=11483"},{"taxonomy":"post_tag","embeddable":true,"href":"https:\/\/haberbesiktas.tr\/index.php?rest_route=%2Fwp%2Fv2%2Ftags&post=11483"}],"curies":[{"name":"wp","href":"https:\/\/api.w.org\/{rel}","templated":true}]}}