{"id":11495,"date":"2025-02-23T20:48:09","date_gmt":"2025-02-23T20:48:09","guid":{"rendered":"https:\/\/haberbesiktas.tr\/?p=11495"},"modified":"2025-02-23T20:48:09","modified_gmt":"2025-02-23T20:48:09","slug":"cengiz-olmadi-sira-abdulkadirde","status":"publish","type":"post","link":"https:\/\/haberbesiktas.tr\/?p=11495","title":{"rendered":"Cengiz olmad\u0131, s\u0131ra Abd\u00fclkadir&#8217;de!"},"content":{"rendered":"<div>Cengiz \u00dcnder transferinde memnun sona ula\u015famayan Be\u015fikta\u015f, g\u00f6z\u00fcn\u00fc Hull City&#8217;de forma giyen Abd\u00fclkadir \u00d6m\u00fcr&#8217;e \u00e7evirdi.<\/p>\n<p> Be\u015fikta\u015f idaresinin, Il\u0131cal\u0131&#8217;n\u0131n transferde kolayl\u0131k sa\u011flamas\u0131 beklenirken, Abd\u00fclkadir&#8217;i Cengiz \u00dcnder&#8217;de oldu\u011fu \u00fczere kiral\u0131k olarak tak\u0131m\u0131na katmay\u0131 planlad\u0131\u011f\u0131 sav edildi. \u0130dare, oyuncunun performans\u0131na nazaran transferi netle\u015ftirerek, Abd\u00fclkadir ile d\u00f6nemi kurtarmay\u0131 hedefliyor.<\/p>\n<p> <strong>AYRILMAK \u0130ST\u0130YOR<\/strong><\/p>\n<p> Y\u0131ld\u0131z futbolcunun \u0130ngiltere&#8217;de mutsuz oldu\u011fu ve bu nedenden \u00f6t\u00fcr\u00fc gruptan ayr\u0131lmak istedi\u011fi \u00f6\u011frenildi. Be\u015fikta\u015f&#8217;\u0131n, 25 ya\u015f\u0131ndaki 10 numara i\u00e7in bir te\u015febb\u00fcste bulunmas\u0131 bekleniyor.<\/p>\n<p> Ge\u00e7ti\u011fimiz d\u00f6nemin devre ortas\u0131nda Trabzonspor&#8217;dan ayr\u0131larak \u0130ngiliz grubuna transfer olan ulusal futbolcunun kontrat\u0131 2027 y\u0131l\u0131nda sona erecek. Y\u0131ld\u0131z oyuncu bu d\u00f6nem forma giydi\u011fi 21 ma\u00e7ta gol sevinci ya\u015fayamazken 1 asist kaydetti.<\/p>\n<p> \u015eimdiki bilgilere nazaran Abd\u00fclkadir&#8217;e 6 milyon Euro paha bi\u00e7iliyor.<\/p>\n<\/div>\n","protected":false},"excerpt":{"rendered":"<p>Cengiz \u00dcnder transferinden sonu\u00e7 alamayan Be\u015fikta\u015f, mutsuz oldu\u011fu gerek\u00e7esiyle Hull City&#8217;den ayr\u0131lmak isteyen Abd\u00fclkadir \u00d6m\u00fcr ile ilgileniyor.<\/p>\n","protected":false},"author":1,"featured_media":11496,"comment_status":"open","ping_status":"open","sticky":false,"template":"","format":"standard","meta":{"footnotes":""},"categories":[25],"tags":[],"class_list":["post-11495","post","type-post","status-publish","format-standard","has-post-thumbnail","hentry","category-futbol"],"_links":{"self":[{"href":"https:\/\/haberbesiktas.tr\/index.php?rest_route=\/wp\/v2\/posts\/11495","targetHints":{"allow":["GET"]}}],"collection":[{"href":"https:\/\/haberbesiktas.tr\/index.php?rest_route=\/wp\/v2\/posts"}],"about":[{"href":"https:\/\/haberbesiktas.tr\/index.php?rest_route=\/wp\/v2\/types\/post"}],"author":[{"embeddable":true,"href":"https:\/\/haberbesiktas.tr\/index.php?rest_route=\/wp\/v2\/users\/1"}],"replies":[{"embeddable":true,"href":"https:\/\/haberbesiktas.tr\/index.php?rest_route=%2Fwp%2Fv2%2Fcomments&post=11495"}],"version-history":[{"count":1,"href":"https:\/\/haberbesiktas.tr\/index.php?rest_route=\/wp\/v2\/posts\/11495\/revisions"}],"predecessor-version":[{"id":11497,"href":"https:\/\/haberbesiktas.tr\/index.php?rest_route=\/wp\/v2\/posts\/11495\/revisions\/11497"}],"wp:featuredmedia":[{"embeddable":true,"href":"https:\/\/haberbesiktas.tr\/index.php?rest_route=\/wp\/v2\/media\/11496"}],"wp:attachment":[{"href":"https:\/\/haberbesiktas.tr\/index.php?rest_route=%2Fwp%2Fv2%2Fmedia&parent=11495"}],"wp:term":[{"taxonomy":"category","embeddable":true,"href":"https:\/\/haberbesiktas.tr\/index.php?rest_route=%2Fwp%2Fv2%2Fcategories&post=11495"},{"taxonomy":"post_tag","embeddable":true,"href":"https:\/\/haberbesiktas.tr\/index.php?rest_route=%2Fwp%2Fv2%2Ftags&post=11495"}],"curies":[{"name":"wp","href":"https:\/\/api.w.org\/{rel}","templated":true}]}}