{"id":11498,"date":"2025-02-23T21:00:15","date_gmt":"2025-02-23T21:00:15","guid":{"rendered":"https:\/\/haberbesiktas.tr\/?p=11498"},"modified":"2025-02-23T21:00:15","modified_gmt":"2025-02-23T21:00:15","slug":"galatasaraydan-sezon-sonu-icin-hamle","status":"publish","type":"post","link":"https:\/\/haberbesiktas.tr\/?p=11498","title":{"rendered":"Galatasaray&#8217;dan sezon sonu i\u00e7in hamle"},"content":{"rendered":"<div>Ad\u0131 Galatasaray ile de an\u0131lan Ey\u00fcpspor kalecisi Berke \u00d6zer, evvelki g\u00fcn yapt\u0131\u011f\u0131 a\u00e7\u0131klamada Sar\u0131- K\u0131rm\u0131z\u0131l\u0131lar&#8217;a ye\u015fil \u0131\u015f\u0131k yakt\u0131.<\/p>\n<p> Ge\u00e7mi\u015fte Galatasaray hakk\u0131nda att\u0131\u011f\u0131 tweet&#8217;lerle ilgili pi\u015fman oldu\u011funu da lisana getiren \u00d6zer, &#8220;Galatasaray hakk\u0131nda att\u0131\u011f\u0131m tweet&#8217;lerde 10 ya\u015f\u0131mdayd\u0131m. Bug\u00fcn 25 ya\u015f\u0131nday\u0131m. Kul\u00fcb\u00fcn menfaati hem de bizler i\u00e7in ger\u00e7ek bir \u015fey olursa, \u00f6teki transfer durumlar\u0131 olmazsa oturur konu\u015furuz&#8221; dedi.<\/p>\n<p> Galatasaray \u0130daresi bu a\u00e7\u0131klamalar sonras\u0131nda harekete ge\u00e7ti. Sar\u0131-K\u0131rm\u0131z\u0131l\u0131lar&#8217;\u0131n ba\u015far\u0131l\u0131 file bek\u00e7isi ile d\u00f6nem sonunda pazarl\u0131k masas\u0131na oturaca\u011f\u0131 \u00f6\u011frenildi.<\/p>\n<p> Berke \u00d6zer, bu d\u00f6nem g\u00f6sterdi\u011fi ba\u015far\u0131l\u0131 performansla dikkatleri \u00e7ekiyor.\u00a0<\/p>\n<\/div>\n","protected":false},"excerpt":{"rendered":"<p>Ey\u00fcpspor&#8217;un ba\u015far\u0131l\u0131 kalecisi Berke \u00d6zer, Galatasaray&#8217;a ye\u015fil \u0131\u015f\u0131k yakt\u0131. Sar\u0131-K\u0131rm\u0131z\u0131l\u0131lar, d\u00f6nem sonu i\u00e7in at\u0131l\u0131m yapt\u0131.<\/p>\n","protected":false},"author":1,"featured_media":11499,"comment_status":"open","ping_status":"open","sticky":false,"template":"","format":"standard","meta":{"footnotes":""},"categories":[25],"tags":[],"class_list":["post-11498","post","type-post","status-publish","format-standard","has-post-thumbnail","hentry","category-futbol"],"_links":{"self":[{"href":"https:\/\/haberbesiktas.tr\/index.php?rest_route=\/wp\/v2\/posts\/11498","targetHints":{"allow":["GET"]}}],"collection":[{"href":"https:\/\/haberbesiktas.tr\/index.php?rest_route=\/wp\/v2\/posts"}],"about":[{"href":"https:\/\/haberbesiktas.tr\/index.php?rest_route=\/wp\/v2\/types\/post"}],"author":[{"embeddable":true,"href":"https:\/\/haberbesiktas.tr\/index.php?rest_route=\/wp\/v2\/users\/1"}],"replies":[{"embeddable":true,"href":"https:\/\/haberbesiktas.tr\/index.php?rest_route=%2Fwp%2Fv2%2Fcomments&post=11498"}],"version-history":[{"count":1,"href":"https:\/\/haberbesiktas.tr\/index.php?rest_route=\/wp\/v2\/posts\/11498\/revisions"}],"predecessor-version":[{"id":11500,"href":"https:\/\/haberbesiktas.tr\/index.php?rest_route=\/wp\/v2\/posts\/11498\/revisions\/11500"}],"wp:featuredmedia":[{"embeddable":true,"href":"https:\/\/haberbesiktas.tr\/index.php?rest_route=\/wp\/v2\/media\/11499"}],"wp:attachment":[{"href":"https:\/\/haberbesiktas.tr\/index.php?rest_route=%2Fwp%2Fv2%2Fmedia&parent=11498"}],"wp:term":[{"taxonomy":"category","embeddable":true,"href":"https:\/\/haberbesiktas.tr\/index.php?rest_route=%2Fwp%2Fv2%2Fcategories&post=11498"},{"taxonomy":"post_tag","embeddable":true,"href":"https:\/\/haberbesiktas.tr\/index.php?rest_route=%2Fwp%2Fv2%2Ftags&post=11498"}],"curies":[{"name":"wp","href":"https:\/\/api.w.org\/{rel}","templated":true}]}}