{"id":11513,"date":"2025-02-23T22:00:11","date_gmt":"2025-02-23T22:00:11","guid":{"rendered":"https:\/\/haberbesiktas.tr\/?p=11513"},"modified":"2025-02-23T22:00:11","modified_gmt":"2025-02-23T22:00:11","slug":"weghorst-galatasaray-iyi-ama-biz-kazanacagiz","status":"publish","type":"post","link":"https:\/\/haberbesiktas.tr\/?p=11513","title":{"rendered":"Weghorst: &#8220;Galatasaray iyi ama biz kazanaca\u011f\u0131z&#8221;"},"content":{"rendered":"<div>Bir periyot T\u00fcrkiye&#8217;de Be\u015fikta\u015f formas\u0131 da giyen Ajax&#8217;\u0131n deneyimli golc\u00fcs\u00fc Wout Weghorst, Galatasaray ile oynayacaklar\u0131 kritik UEFA Avrupa Ligi son hafta ma\u00e7\u0131 \u00f6ncesi konu\u015ftu.<\/p>\n<p>Wout Weghorst, \u00f6n\u00fcm\u00fczdeki iki ma\u00e7ta Galatasaray ve Feyenoord ile Johan Cruijff ArenA&#8217;da kar\u015f\u0131 kar\u015f\u0131ya gelecek.<\/p>\n<p> Forvet oyuncusu Johan Cruijff ArenA&#8217;daki iki ma\u00e7\u0131 d\u00f6rt g\u00f6zle bekledi\u011fini belirtti.<\/p>\n<p> &#8220;\u0130ki ho\u015f ma\u00e7 var. Birinci olarak Galatasaray&#8217;a kar\u015f\u0131 ve Avrupa ma\u00e7lar\u0131n\u0131n \u015fu ana kadar \u00f6zel oldu\u011funu s\u00f6ylemeliyim. Ekstra bir atmosfer oldu\u011funu fark ediyorsunuz ki bu \u00e7ok ho\u015f. Ondan sonra da Feyenoord&#8217;a kar\u015f\u0131. Bu benim ikinci derbi ma\u00e7\u0131m ve evimdeki birinci derbi ma\u00e7\u0131m olacak. D\u00f6rt g\u00f6zle bekliyorum.&#8221;<\/p>\n<p> <strong>Weghorst, ge\u00e7mi\u015fte Be\u015fikta\u015f&#8217;ta oynarken Galatasaray&#8217;a kar\u015f\u0131 bir kere rakip oldu.<\/strong><\/p>\n<p> &#8220;Harikayd\u0131. Bilhassa o b\u00fcy\u00fck ma\u00e7lar; bunu daha evvel hi\u00e7 ya\u015famam\u0131\u015ft\u0131m. Trib\u00fcndeki sesler \u00e7ok tuhaft\u0131. Bir formda onlara kar\u015f\u0131 deplasmanda oynamak isterdim lakin Avrupa gecelerimizin de \u00f6zel oldu\u011funu d\u00fc\u015f\u00fcn\u00fcyorum. Ola\u011fan\u00fcst\u00fc bir atmosfer olacak.&#8221;<\/p>\n<p> <strong>Weghorst, Galatasaray hakk\u0131nda ise &#8216;iyi gidiyorlar&#8217; yorumunu yapt\u0131.<\/strong><\/p>\n<p> &#8220;Galatasaray uygun gidiyor. Ligdeki g\u00fc\u00e7leri biliniyor ve Avrupa&#8217;da da d\u00fczg\u00fcn gidiyorlar. Per\u015fembe ve Pazar g\u00fcn\u00fc yeterli sonu\u00e7lar alaca\u011f\u0131z.&#8221;<\/p>\n<\/div>\n","protected":false},"excerpt":{"rendered":"<p>Ajaxl\u0131 Wout Weghorst, Galatasaray ma\u00e7\u0131 \u00f6ncesi a\u00e7\u0131klamalarda bulundu.<\/p>\n","protected":false},"author":1,"featured_media":11514,"comment_status":"open","ping_status":"open","sticky":false,"template":"","format":"standard","meta":{"footnotes":""},"categories":[25],"tags":[129,50],"class_list":["post-11513","post","type-post","status-publish","format-standard","has-post-thumbnail","hentry","category-futbol","tag-galatasaray","tag-mac"],"_links":{"self":[{"href":"https:\/\/haberbesiktas.tr\/index.php?rest_route=\/wp\/v2\/posts\/11513","targetHints":{"allow":["GET"]}}],"collection":[{"href":"https:\/\/haberbesiktas.tr\/index.php?rest_route=\/wp\/v2\/posts"}],"about":[{"href":"https:\/\/haberbesiktas.tr\/index.php?rest_route=\/wp\/v2\/types\/post"}],"author":[{"embeddable":true,"href":"https:\/\/haberbesiktas.tr\/index.php?rest_route=\/wp\/v2\/users\/1"}],"replies":[{"embeddable":true,"href":"https:\/\/haberbesiktas.tr\/index.php?rest_route=%2Fwp%2Fv2%2Fcomments&post=11513"}],"version-history":[{"count":1,"href":"https:\/\/haberbesiktas.tr\/index.php?rest_route=\/wp\/v2\/posts\/11513\/revisions"}],"predecessor-version":[{"id":11515,"href":"https:\/\/haberbesiktas.tr\/index.php?rest_route=\/wp\/v2\/posts\/11513\/revisions\/11515"}],"wp:featuredmedia":[{"embeddable":true,"href":"https:\/\/haberbesiktas.tr\/index.php?rest_route=\/wp\/v2\/media\/11514"}],"wp:attachment":[{"href":"https:\/\/haberbesiktas.tr\/index.php?rest_route=%2Fwp%2Fv2%2Fmedia&parent=11513"}],"wp:term":[{"taxonomy":"category","embeddable":true,"href":"https:\/\/haberbesiktas.tr\/index.php?rest_route=%2Fwp%2Fv2%2Fcategories&post=11513"},{"taxonomy":"post_tag","embeddable":true,"href":"https:\/\/haberbesiktas.tr\/index.php?rest_route=%2Fwp%2Fv2%2Ftags&post=11513"}],"curies":[{"name":"wp","href":"https:\/\/api.w.org\/{rel}","templated":true}]}}