{"id":11600,"date":"2025-02-24T04:36:06","date_gmt":"2025-02-24T04:36:06","guid":{"rendered":"https:\/\/haberbesiktas.tr\/?p=11600"},"modified":"2025-02-24T04:36:06","modified_gmt":"2025-02-24T04:36:06","slug":"buksa-fenerbahceye-karsi-2-kez-oynadim-2-gol-attim","status":"publish","type":"post","link":"https:\/\/haberbesiktas.tr\/?p=11600","title":{"rendered":"Buksa: &#8220;Fenerbah\u00e7e&#8217;ye kar\u015f\u0131 2 kez oynad\u0131m, 2 gol att\u0131m&#8221;"},"content":{"rendered":"<div>UEFA Avrupa Ligi&#8217;nin son haftas\u0131nda per\u015fembe g\u00fcn\u00fc Fenerbah\u00e7e&#8217;yi konuk edecek Midtjylland&#8217;\u0131n teknik y\u00f6neticisi Thomas Thomasberg, alana galibiyet i\u00e7in \u00e7\u0131kacaklar\u0131n\u0131 s\u00f6yledi.<\/p>\n<p> Thomasberg, MCH Arena&#8217;da d\u00fczenlenen bas\u0131n toplant\u0131s\u0131nda, iki grup i\u00e7in de \u00e7ok de\u011ferli bir ma\u00e7 olaca\u011f\u0131n\u0131 belirtti.<\/p>\n<p> Kar\u015f\u0131la\u015fmaya en yeterli formda haz\u0131rland\u0131klar\u0131n\u0131 aktaran deneyimli teknik adam, &#8220;\u015eu anda uygun bir d\u00f6nem ge\u00e7iriyoruz. Ma\u00e7a uygun haz\u0131rland\u0131k. Son olarak g\u00fczel bir ma\u00e7 oynad\u0131k. Umar\u0131z daha g\u00fczel gidecek. per\u015fembe g\u00fcn\u00fc ma\u00e7\u0131 kazanma baht\u0131m\u0131z var. Mourinho&#8217;ya kar\u015f\u0131 oynamak istiyordum lakin maalesef ona kar\u015f\u0131 olamayaca\u011f\u0131m.&#8221; s\u00f6zlerini kulland\u0131.<\/p>\n<p> Beraberli\u011fin 2 kadrosu da \u00fcst \u00e7e\u015fide \u00e7\u0131karabilece\u011fini hat\u0131rlatan Thomasberg, &#8220;Maalesef Mourinho ma\u00e7ta olamayacak, olsa g\u00fczel olurdu. Biz ma\u00e7a haz\u0131r\u0131z, kazanmaya \u00e7\u0131kaca\u011f\u0131z. \u0130ki gruba da beraberlik yetebilir. Geriye d\u00fc\u015fersek bu durum bize sorun yaratabilir lakin duru\u015fumuz Fenerbah\u00e7e&#8217;yi yenmek olacak. Ona nazaran ma\u00e7a \u00e7\u0131kaca\u011f\u0131z, kendimizi buna nazaran haz\u0131rlad\u0131k.&#8221; diye konu\u015ftu.<\/p>\n<p> <strong>Fenerbah\u00e7e&#8217;yi uygun tahlil ettiklerini anlatan 50 ya\u015f\u0131ndaki \u00e7al\u0131\u015ft\u0131r\u0131c\u0131, \u015f\u00f6yle devam etti:<\/strong><\/p>\n<p> &#8220;Biz kendi tarz\u0131m\u0131zla alanda olaca\u011f\u0131z. Nas\u0131l daha \u00e2l\u00e2 olabiliriz, agresif olabiliriz, nas\u0131l defans yapabiliriz diye tahlillerimiz yapt\u0131k. Kar\u015f\u0131la\u015faca\u011f\u0131m\u0131z grubu \u00e2l\u00e2 tahlil ettik. Oyuncular\u0131m\u0131zla nas\u0131l daha d\u00fczg\u00fcn oynayabiliriz, bunun plan\u0131n\u0131 yapt\u0131k. Fenerbah\u00e7e&#8217;nin atakta \u00e7ok yeterli oyuncular var. Zay\u0131f noktalar\u0131n\u0131 g\u00f6rd\u00fck, onlar\u0131 kullanmay\u0131 d\u00fc\u015f\u00fcn\u00fcyoruz. Fenerbah\u00e7e domine eden bir kadro. Onlara kar\u015f\u0131 \u00f6ncelikle \u00e2l\u00e2 \u00e7aba etmeliyiz. Ma\u00e7a g\u00fczel taraftan bak\u0131yoruz. Biz kendi oyunumuza bak\u0131p kazanmaya \u00e7al\u0131\u015faca\u011f\u0131z zira biz kendimizi garanti alt\u0131na almak istiyoruz.&#8221;<\/p>\n<p> \u015eu an \u00e7e\u015fidi ge\u00e7mek i\u00e7in bir avantaja sahip olduklar\u0131n\u0131 aktaran Thomasberg, &#8220;Zor bir lig format\u0131. Porto ve Fenerbah\u00e7e \u00fczere ekipler s\u0131k\u0131nt\u0131 durumda kald\u0131, kazanmalar\u0131 gerekiyor. Teknik y\u00f6neticiler i\u00e7in 8 ekip tahlil ediyorsunuz yeni sistemde. Evvelce 3 kadroya bak\u0131yorduk. Enteresan bir lig oluyor. Gol fark yarat\u0131yor yeni sistemde. Benim a\u00e7\u0131mdan yeterli bir durum.&#8221; de\u011ferlendirmesinde bulundu.<\/p>\n<p> Thomasberg, kelamlar\u0131n\u0131 \u015f\u00f6yle tamamlad\u0131:<\/p>\n<p> &#8220;Mourinho&#8217;ya kar\u015f\u0131 oynamak ekstra motivasyon. D\u00fcnyan\u0131n en \u00e2l\u00e2 antren\u00f6rlerinden biri. Orada olmamas\u0131 benim i\u00e7in \u00fcz\u00fcc\u00fc. Kar\u015f\u0131ma \u00e7\u0131kacak en yeterli antren\u00f6rd\u00fc fakat maalesef orada olmayacak.&#8221;<\/p>\n<p> <strong>Buksa: &#8220;Danimarka atmosferini de be\u011feneceksiniz&#8221;<\/strong><\/p>\n<p> Midtjylland oyuncular\u0131ndan Adam Buksa, \u00e7ok g\u00fc\u00e7l\u00fc bir ma\u00e7a \u00e7\u0131kacaklar\u0131n\u0131 belirtti.<\/p>\n<p> Ge\u00e7en d\u00f6nem Antalyaspor&#8217;da forma giyen Buksa, &#8220;Fenerbah\u00e7e&#8217;ye kar\u015f\u0131 ge\u00e7en d\u00f6nem oynad\u0131m. T\u00fcrkiye&#8217;de uygun bir d\u00f6nem ge\u00e7irdim. Atmosfer olarak orada \u00e7ok mutluydum. Fenerbah\u00e7e&#8217;ye kar\u015f\u0131 2 sefer oynad\u0131m. 2 gol att\u0131m ve tahminen de tekrar atar\u0131m. Kad\u0131k\u00f6y atmosferi ho\u015f. 50 bin insan kar\u015f\u0131s\u0131nda oynamak \u00e7ok yeterli atmosfer, b\u00fcy\u00fck deneyim ancak per\u015fembe g\u00fcn\u00fc da \u00e2l\u00e2 olacak. T\u0131pk\u0131 formda atmosfer olmayacak lakin Danimarka atmosferini de be\u011feneceksiniz.&#8221; diye konu\u015ftu.<\/p>\n<p> T\u00fcrkiye&#8217;de transferin \u00e7ok konu\u015fuldu\u011funu aktaran Buksa, &#8220;T\u00fcrkiye&#8217;de oynad\u0131\u011f\u0131m senede \u00e7ok transfer spek\u00fclasyonu oluyordu. T\u00fcrkiye&#8217;de \u00e2l\u00e2 bir d\u00f6nem ge\u00e7irmi\u015ftim ancak art\u0131k Danimarka&#8217;da oynuyorum, bunun i\u00e7in \u00e7ok mutluyum. \u015eimdilik Danimarka&#8217;dan ayr\u0131lmay\u0131 d\u00fc\u015f\u00fcnm\u00fcyorum. T\u00fcrkiye ve Danimarka liglerinde fark var. T\u00fcrkiye liginde deneyimli ve d\u00fczg\u00fcn oyuncular var. Burada gen\u00e7 yetenekler var. Danimarka ligi de \u00e7ok uygun. Zorlayan d\u00fczg\u00fcn kadrolar var.&#8221; de\u011ferlendirmesinde bulundu.<\/p>\n<\/div>\n","protected":false},"excerpt":{"rendered":"<p>UEFA Avrupa Ligi&#8217;nin son haftas\u0131nda per\u015fembe g\u00fcn\u00fc Fenerbah\u00e7e&#8217;yi konuk edecek Midtjylland&#8217;da, teknik y\u00f6netici Thomas Thomasberg ve futbolcu Adam Buksa a\u00e7\u0131klamalarda bulundu.<\/p>\n","protected":false},"author":1,"featured_media":11601,"comment_status":"open","ping_status":"open","sticky":false,"template":"","format":"standard","meta":{"footnotes":""},"categories":[25],"tags":[115,50,52,222,290],"class_list":["post-11600","post","type-post","status-publish","format-standard","has-post-thumbnail","hentry","category-futbol","tag-fenerbahce","tag-mac","tag-takim","tag-turkiye","tag-var"],"_links":{"self":[{"href":"https:\/\/haberbesiktas.tr\/index.php?rest_route=\/wp\/v2\/posts\/11600","targetHints":{"allow":["GET"]}}],"collection":[{"href":"https:\/\/haberbesiktas.tr\/index.php?rest_route=\/wp\/v2\/posts"}],"about":[{"href":"https:\/\/haberbesiktas.tr\/index.php?rest_route=\/wp\/v2\/types\/post"}],"author":[{"embeddable":true,"href":"https:\/\/haberbesiktas.tr\/index.php?rest_route=\/wp\/v2\/users\/1"}],"replies":[{"embeddable":true,"href":"https:\/\/haberbesiktas.tr\/index.php?rest_route=%2Fwp%2Fv2%2Fcomments&post=11600"}],"version-history":[{"count":1,"href":"https:\/\/haberbesiktas.tr\/index.php?rest_route=\/wp\/v2\/posts\/11600\/revisions"}],"predecessor-version":[{"id":11602,"href":"https:\/\/haberbesiktas.tr\/index.php?rest_route=\/wp\/v2\/posts\/11600\/revisions\/11602"}],"wp:featuredmedia":[{"embeddable":true,"href":"https:\/\/haberbesiktas.tr\/index.php?rest_route=\/wp\/v2\/media\/11601"}],"wp:attachment":[{"href":"https:\/\/haberbesiktas.tr\/index.php?rest_route=%2Fwp%2Fv2%2Fmedia&parent=11600"}],"wp:term":[{"taxonomy":"category","embeddable":true,"href":"https:\/\/haberbesiktas.tr\/index.php?rest_route=%2Fwp%2Fv2%2Fcategories&post=11600"},{"taxonomy":"post_tag","embeddable":true,"href":"https:\/\/haberbesiktas.tr\/index.php?rest_route=%2Fwp%2Fv2%2Ftags&post=11600"}],"curies":[{"name":"wp","href":"https:\/\/api.w.org\/{rel}","templated":true}]}}