{"id":11606,"date":"2025-02-24T05:00:05","date_gmt":"2025-02-24T05:00:05","guid":{"rendered":"https:\/\/haberbesiktas.tr\/?p=11606"},"modified":"2025-02-24T05:00:05","modified_gmt":"2025-02-24T05:00:05","slug":"fenerbahcede-osayi-defteri-kapandi","status":"publish","type":"post","link":"https:\/\/haberbesiktas.tr\/?p=11606","title":{"rendered":"Fenerbah\u00e7e&#8217;de Osayi defteri kapand\u0131"},"content":{"rendered":"<div>Fenerbah\u00e7e&#8217;de Bright Osayi-Samuel devri bitiyor.<\/p>\n<p> NTV&#8217;den G\u00fcrkan Ak&#8217;\u0131n haberine nazaran Fenerbah\u00e7e, yeni kontrat tekliflerini geri \u00e7eviren son olarak 2 milyon euro&#8217;ya y\u00fckseltilen teklifi de geri \u00e7evirerek 2.5 milyon euro talebini yenileyen Osayi-Samuel, \u00dcst\u00fcn Lig&#8217;in ikinci yar\u0131s\u0131 i\u00e7in verilen oyuncu listesinde yer almayacak.<\/p>\n<p> K\u0131z\u0131ly\u0131ld\u0131z&#8217;dan 20 ya\u015f\u0131ndaki sa\u011f bek Ognjen Mimovic ile anla\u015fan Fenerbah\u00e7e, Osayi-Samuel&#8217;i bundan sonra ma\u00e7 tak\u0131mlar\u0131na yazmayacak.<\/p>\n<p> <strong>BU D\u00d6NEM 24 MA\u00c7TA 1 AS\u0130ST<\/strong><\/p>\n<p> Bu sezon 14&#8217;\u00fc lig olmak \u00fczere 24 ma\u00e7ta misyon alan 27 ya\u015f\u0131ndaki Osayi-Samuel, 1 asist yapt\u0131.<\/p>\n<p> <strong>FNERBAH\u00c7E 508 B\u0130N EURO&#8217;YA ALDI<\/strong><\/p>\n<p> \u0130ngiltere pasaportu da olan Nijeryal\u0131 kanat oyuncusu, Ocak 2021&#8217;de 508 bin euro kar\u015f\u0131l\u0131\u011f\u0131 QPR&#8217;den Fenerbah\u00e7e&#8217;ye transfer oldu.\u00a0<\/p>\n<div>\u00a0<\/div>\n<\/div>\n","protected":false},"excerpt":{"rendered":"<p>Fenerbah\u00e7e, Mimovic transferi sonras\u0131 yeni kontrat imzalamayan Osayi-Samuel&#8217;i oyuncu listesine yazmayacak.<\/p>\n","protected":false},"author":1,"featured_media":11607,"comment_status":"open","ping_status":"open","sticky":false,"template":"","format":"standard","meta":{"footnotes":""},"categories":[25],"tags":[],"class_list":["post-11606","post","type-post","status-publish","format-standard","has-post-thumbnail","hentry","category-futbol"],"_links":{"self":[{"href":"https:\/\/haberbesiktas.tr\/index.php?rest_route=\/wp\/v2\/posts\/11606","targetHints":{"allow":["GET"]}}],"collection":[{"href":"https:\/\/haberbesiktas.tr\/index.php?rest_route=\/wp\/v2\/posts"}],"about":[{"href":"https:\/\/haberbesiktas.tr\/index.php?rest_route=\/wp\/v2\/types\/post"}],"author":[{"embeddable":true,"href":"https:\/\/haberbesiktas.tr\/index.php?rest_route=\/wp\/v2\/users\/1"}],"replies":[{"embeddable":true,"href":"https:\/\/haberbesiktas.tr\/index.php?rest_route=%2Fwp%2Fv2%2Fcomments&post=11606"}],"version-history":[{"count":1,"href":"https:\/\/haberbesiktas.tr\/index.php?rest_route=\/wp\/v2\/posts\/11606\/revisions"}],"predecessor-version":[{"id":11608,"href":"https:\/\/haberbesiktas.tr\/index.php?rest_route=\/wp\/v2\/posts\/11606\/revisions\/11608"}],"wp:featuredmedia":[{"embeddable":true,"href":"https:\/\/haberbesiktas.tr\/index.php?rest_route=\/wp\/v2\/media\/11607"}],"wp:attachment":[{"href":"https:\/\/haberbesiktas.tr\/index.php?rest_route=%2Fwp%2Fv2%2Fmedia&parent=11606"}],"wp:term":[{"taxonomy":"category","embeddable":true,"href":"https:\/\/haberbesiktas.tr\/index.php?rest_route=%2Fwp%2Fv2%2Fcategories&post=11606"},{"taxonomy":"post_tag","embeddable":true,"href":"https:\/\/haberbesiktas.tr\/index.php?rest_route=%2Fwp%2Fv2%2Ftags&post=11606"}],"curies":[{"name":"wp","href":"https:\/\/api.w.org\/{rel}","templated":true}]}}