{"id":11612,"date":"2025-02-24T05:36:06","date_gmt":"2025-02-24T05:36:06","guid":{"rendered":"https:\/\/haberbesiktas.tr\/?p=11612"},"modified":"2025-02-24T05:36:06","modified_gmt":"2025-02-24T05:36:06","slug":"twente-teknik-direktoru-joseph-oosting-hucum-odakli-oynayacagiz","status":"publish","type":"post","link":"https:\/\/haberbesiktas.tr\/?p=11612","title":{"rendered":"Twente Teknik Direkt\u00f6r\u00fc Joseph Oosting: &#8220;H\u00fccum odakl\u0131 oynayaca\u011f\u0131z.&#8221;"},"content":{"rendered":"<div>\n<div> UEFA Avrupa Ligi&#8217;nin 8. ve son haftas\u0131nda yar\u0131n Be\u015fikta\u015f&#8217;\u0131 konuk edecek Hollanda temsilcisi Twente&#8217;de teknik y\u00f6netici Joseph Oosting, s\u0131k\u0131nt\u0131 bir ma\u00e7 olaca\u011f\u0131n\u0131 fakat kazanarak play-off \u00e7e\u015fidine y\u00fckselmek istediklerini s\u00f6yledi.<\/p>\n<p> Hollandal\u0131 \u00e7al\u0131\u015ft\u0131r\u0131c\u0131, Enschede kentindeki De Grolsch Veste Stad\u0131&#8217;da d\u00fczenlenen bas\u0131n toplant\u0131s\u0131nda a\u00e7\u0131klamalarda bulundu.<\/p>\n<p> Bu d\u00f6nem Avrupa Ligi&#8217;nde uygun bir performans sergilediklerini belirten Oosting, &#8220;\u0130ste\u011fimiz bir t\u0131p daha atlamak. S\u0131k\u0131nt\u0131 olacak lakin bunu istiyoruz. Alan\u0131m\u0131zda oynamam\u0131z ho\u015f olacak. Atak odakl\u0131 oynayaca\u011f\u0131z. Play-off cinsine y\u00fckselmek i\u00e7in elimizden geleni yapaca\u011f\u0131z.&#8221; s\u00f6zlerini kulland\u0131.<\/p>\n<p> Be\u015fikta\u015f&#8217;\u0131n kaliteli oyunculara sahip oldu\u011funa vurgu yapan Joseph Oosting, &#8220;Yeni bir teknik y\u00f6neticileri var. Ekstra 6 numara ile oynuyorlar. Ma\u00e7\u0131n favorisi yok. \u0130ki grubun da maksad\u0131 birebir. Daha hamasetli oynamal\u0131y\u0131z. Beraberlik de bize yaram\u0131yor. Galip gelerek play-off tipine \u00e7\u0131kmak istiyoruz.&#8221; diye konu\u015ftu.<\/p>\n<p> Hollandal\u0131 teknik adam, sakatl\u0131\u011f\u0131 nedeniyle uzun m\u00fcddettir oynayamayan 23 ya\u015f\u0131ndaki stoper Mees Hilgers&#8217;in yar\u0131n forma giyece\u011fini kaydetti.<\/p>\n<p> <strong>Michel Vlap: &#8220;Sava\u015faca\u011f\u0131z ve kazanaca\u011f\u0131z&#8221;<\/strong><\/p>\n<p> Twente&#8217;nin Hollandal\u0131 orta saha oyuncusu Michel Vlap, bu d\u00f6nem UEFA Avrupa Ligi&#8217;nde sergiledikleri performanstan gurur duyduklar\u0131n\u0131 lisana getirdi.<\/p>\n<p> G\u00fc\u00e7l\u00fc bir ekiple kar\u015f\u0131la\u015facaklar\u0131n\u0131 aktaran Vlap, &#8220;Fenerbah\u00e7e&#8217;ye kar\u015f\u0131 \u00e2l\u00e2 oynad\u0131k. Kendimizi g\u00f6sterebildik. UEFA Avrupa Ligi&#8217;ndeki performans\u0131m\u0131zdan gurur duyuyoruz. Daha fazla puan alabilirdik. Bunun i\u00e7in \u00fczg\u00fcn\u00fcz. Kendimizi g\u00f6sterdik. Elimizden geleni yapt\u0131k. Her ma\u00e7tan zevk ald\u0131k. Yar\u0131n tek maksad\u0131m\u0131z var. Sava\u015faca\u011f\u0131z ve kazanaca\u011f\u0131z. Grup halinde oynarsak \u00e7ok \u015fey ba\u015faraca\u011f\u0131m\u0131z\u0131 d\u00fc\u015f\u00fcn\u00fcyorum.&#8221; formunda g\u00f6r\u00fc\u015f belirtti.<\/p><\/div>\n<\/div>\n","protected":false},"excerpt":{"rendered":"<p>UEFA Avrupa Ligi&#8217;nin 8. ve son haftas\u0131nda per\u015fembe g\u00fcn\u00fc Be\u015fikta\u015f&#8217;\u0131 konuk edecek Hollanda temsilcisi Twente&#8217;de teknik y\u00f6netici Joseph Oosting a\u00e7\u0131klamalarda bulundu.<\/p>\n","protected":false},"author":1,"featured_media":11613,"comment_status":"open","ping_status":"open","sticky":false,"template":"","format":"standard","meta":{"footnotes":""},"categories":[25],"tags":[],"class_list":["post-11612","post","type-post","status-publish","format-standard","has-post-thumbnail","hentry","category-futbol"],"_links":{"self":[{"href":"https:\/\/haberbesiktas.tr\/index.php?rest_route=\/wp\/v2\/posts\/11612","targetHints":{"allow":["GET"]}}],"collection":[{"href":"https:\/\/haberbesiktas.tr\/index.php?rest_route=\/wp\/v2\/posts"}],"about":[{"href":"https:\/\/haberbesiktas.tr\/index.php?rest_route=\/wp\/v2\/types\/post"}],"author":[{"embeddable":true,"href":"https:\/\/haberbesiktas.tr\/index.php?rest_route=\/wp\/v2\/users\/1"}],"replies":[{"embeddable":true,"href":"https:\/\/haberbesiktas.tr\/index.php?rest_route=%2Fwp%2Fv2%2Fcomments&post=11612"}],"version-history":[{"count":1,"href":"https:\/\/haberbesiktas.tr\/index.php?rest_route=\/wp\/v2\/posts\/11612\/revisions"}],"predecessor-version":[{"id":11614,"href":"https:\/\/haberbesiktas.tr\/index.php?rest_route=\/wp\/v2\/posts\/11612\/revisions\/11614"}],"wp:featuredmedia":[{"embeddable":true,"href":"https:\/\/haberbesiktas.tr\/index.php?rest_route=\/wp\/v2\/media\/11613"}],"wp:attachment":[{"href":"https:\/\/haberbesiktas.tr\/index.php?rest_route=%2Fwp%2Fv2%2Fmedia&parent=11612"}],"wp:term":[{"taxonomy":"category","embeddable":true,"href":"https:\/\/haberbesiktas.tr\/index.php?rest_route=%2Fwp%2Fv2%2Fcategories&post=11612"},{"taxonomy":"post_tag","embeddable":true,"href":"https:\/\/haberbesiktas.tr\/index.php?rest_route=%2Fwp%2Fv2%2Ftags&post=11612"}],"curies":[{"name":"wp","href":"https:\/\/api.w.org\/{rel}","templated":true}]}}