{"id":11615,"date":"2025-02-24T06:00:05","date_gmt":"2025-02-24T06:00:05","guid":{"rendered":"https:\/\/haberbesiktas.tr\/?p=11615"},"modified":"2025-02-24T06:00:05","modified_gmt":"2025-02-24T06:00:05","slug":"thomas-thomasbergin-jose-mourinho-uzuntusu","status":"publish","type":"post","link":"https:\/\/haberbesiktas.tr\/?p=11615","title":{"rendered":"Thomas Thomasberg&#8217;in Jose Mourinho \u00fcz\u00fcnt\u00fcs\u00fc"},"content":{"rendered":"<div>UEFA Avrupa Ligi&#8217;nin son haftas\u0131nda Fenerbah\u00e7e, Danimarka tak\u0131m\u0131 Midtjylland&#8217;\u0131n konu\u011fu olacak. MCH Arena&#8217;da TS\u0130 23.00&#8217;te ba\u015flayacak m\u00fcsabaka \u00f6ncesinde Midtjylland Teknik Y\u00f6neticisi Thomas Thomasberg bas\u0131n toplant\u0131s\u0131nda a\u00e7\u0131klamalarda bulundu.<\/p>\n<p> G\u00fczel bir d\u00f6nem ge\u00e7irdiklerini belirten Thomas Thomasberg, &#8220;<strong>\u015eu anda \u00e2l\u00e2 bir d\u00f6nem ge\u00e7iriyoruz. Ma\u00e7a uygun haz\u0131rland\u0131k. Son olarak \u00e2l\u00e2 bir ma\u00e7 oynad\u0131k. Umar\u0131z daha g\u00fczel gidecek. Yar\u0131n ma\u00e7\u0131 kazanma baht\u0131m\u0131z var. Mourinho&#8217;ya kar\u015f\u0131 oynamak istiyordum lakin maalesef ona kar\u015f\u0131 olamayaca\u011f\u0131m&#8221;<\/strong>\u00a0diye konu\u015ftu.<\/p>\n<p> <strong>&#8216;BERABERL\u0130K \u0130K\u0130 GRUBA DA YETEB\u0130L\u0130R&#8217;<\/strong><\/p>\n<p> Beraberli\u011fin iki kadroya da yetebilece\u011fine dikkat \u00e7eken Thomasberg, <strong>&#8220;Maalesef Mourinho ma\u00e7ta olamayacak, olsa g\u00fczel olurdu. Biz ma\u00e7a haz\u0131r\u0131z, kazanmaya \u00e7\u0131kaca\u011f\u0131z. \u0130ki kadroya da beraberlik yetebilir. Geriye d\u00fc\u015fersek bu durum bize sorun yaratabilir lakin duru\u015fumuz Fenerbah\u00e7e&#8217;yi yenmek olacak. Ona nazaran ma\u00e7a \u00e7\u0131kaca\u011f\u0131z, kendimizi buna nazaran haz\u0131rlad\u0131k&#8221;<\/strong> bi\u00e7iminde konu\u015ftu.<\/p>\n<p> <strong>&#8216;FENERBAH\u00c7E&#8217;Y\u0130 G\u00dcZEL TAHL\u0130L ETT\u0130K&#8217;<\/strong><\/p>\n<p> Kendilerini garanti alt\u0131na almak i\u00e7in kazanmak istediklerini tabir eden deneyimli teknik adam, &#8220;<strong>Biz kendi tarz\u0131m\u0131zla alanda olaca\u011f\u0131z. Nas\u0131l daha d\u00fczg\u00fcn olabiliriz, agresif olabiliriz, nas\u0131l defans yapabiliriz diye tahlillerimiz yapt\u0131k. Kar\u015f\u0131la\u015faca\u011f\u0131m\u0131z kadrosu g\u00fczel tahlil ettik. Oyuncular\u0131m\u0131zla nas\u0131l daha uygun oynayabiliriz, bunun plan\u0131n\u0131 yapt\u0131k. Fenerbah\u00e7e&#8217;nin atakta \u00e7ok yeterli oyuncular var. Zay\u0131f noktalar\u0131n\u0131 g\u00f6rd\u00fck, onlar\u0131 kullanmay\u0131 d\u00fc\u015f\u00fcn\u00fcyoruz. Fenerbah\u00e7e domine eden bir grup. Onlara kar\u015f\u0131 \u00f6ncelikle d\u00fczg\u00fcn \u00e7aba etmeliyiz. Ma\u00e7a g\u00fczel istikametten bak\u0131yoruz. Biz kendi oyunumuza bak\u0131p kazanmaya \u00e7al\u0131\u015faca\u011f\u0131z zira biz kendimizi garanti alt\u0131na almak istiyoruz&#8221;<\/strong>\u00a0ifadelerini kulland\u0131.<\/p>\n<p> <strong>&#8216;PORTO VE FENERBAH\u00c7E \u00dcZERE KADROLAR SIKINTI DURUMDA KALDI&#8217;<\/strong><\/p>\n<p> Avrupa Ligi&#8217;nin yeni format\u0131 hakk\u0131nda kan\u0131lar\u0131 sorulan Thomasberg, <strong>&#8220;Zor bir lig format\u0131. Porto ve Fenerbah\u00e7e \u00fczere kadrolar s\u0131k\u0131nt\u0131 durumda kald\u0131, kazanmalar\u0131 gerekiyor. Teknik y\u00f6neticiler i\u00e7in 8 grup tahlil ediyorsunuz yeni sistemde. Evvelce 3 ekibe bak\u0131yorduk. Enteresan bir lig oluyor. Gol fark yarat\u0131yor yeni sistemde. Benim a\u00e7\u0131mdan g\u00fczel bir durum&#8221;<\/strong> dedi.<\/p>\n<p> <strong>&#8216;MOUR\u0130NHO&#8217;YA KAR\u015eI OYNAMAK EKSTRA MOT\u0130VASYON&#8217;<\/strong><\/p>\n<p> Fenerbah\u00e7e Teknik Y\u00f6neticisi Jose Mourinho&#8217;ya kar\u015f\u0131 oynaman\u0131n ekstra motivasyon kayna\u011f\u0131 olaca\u011f\u0131n\u0131 belirten Thomasberg, kelamlar\u0131n\u0131 \u015f\u00f6yle noktalad\u0131:<\/p>\n<p> <strong>&#8220;Mourinho&#8217;ya kar\u015f\u0131 oynamak ekstra motivasyon. D\u00fcnyan\u0131n en \u00e2l\u00e2 antren\u00f6rlerinden biri. Orada olmamas\u0131 benim i\u00e7in \u00fcz\u00fcc\u00fc. Kar\u015f\u0131ma \u00e7\u0131kacak en yeterli antren\u00f6rd\u00fc ancak maalesef orada olmayacak.&#8221;<\/strong><\/p>\n<\/div>\n","protected":false},"excerpt":{"rendered":"<p>Midtjylland Teknik Y\u00f6neticisi Thomas Thomasberg, Fenerbah\u00e7e ma\u00e7\u0131 \u00f6ncesinde bas\u0131n toplant\u0131s\u0131nda a\u00e7\u0131klamalarda bulundu.<\/p>\n","protected":false},"author":1,"featured_media":11616,"comment_status":"open","ping_status":"open","sticky":false,"template":"","format":"standard","meta":{"footnotes":""},"categories":[25],"tags":[115,1287,50,52,67],"class_list":["post-11615","post","type-post","status-publish","format-standard","has-post-thumbnail","hentry","category-futbol","tag-fenerbahce","tag-kazanma","tag-mac","tag-takim","tag-thomas"],"_links":{"self":[{"href":"https:\/\/haberbesiktas.tr\/index.php?rest_route=\/wp\/v2\/posts\/11615","targetHints":{"allow":["GET"]}}],"collection":[{"href":"https:\/\/haberbesiktas.tr\/index.php?rest_route=\/wp\/v2\/posts"}],"about":[{"href":"https:\/\/haberbesiktas.tr\/index.php?rest_route=\/wp\/v2\/types\/post"}],"author":[{"embeddable":true,"href":"https:\/\/haberbesiktas.tr\/index.php?rest_route=\/wp\/v2\/users\/1"}],"replies":[{"embeddable":true,"href":"https:\/\/haberbesiktas.tr\/index.php?rest_route=%2Fwp%2Fv2%2Fcomments&post=11615"}],"version-history":[{"count":1,"href":"https:\/\/haberbesiktas.tr\/index.php?rest_route=\/wp\/v2\/posts\/11615\/revisions"}],"predecessor-version":[{"id":11617,"href":"https:\/\/haberbesiktas.tr\/index.php?rest_route=\/wp\/v2\/posts\/11615\/revisions\/11617"}],"wp:featuredmedia":[{"embeddable":true,"href":"https:\/\/haberbesiktas.tr\/index.php?rest_route=\/wp\/v2\/media\/11616"}],"wp:attachment":[{"href":"https:\/\/haberbesiktas.tr\/index.php?rest_route=%2Fwp%2Fv2%2Fmedia&parent=11615"}],"wp:term":[{"taxonomy":"category","embeddable":true,"href":"https:\/\/haberbesiktas.tr\/index.php?rest_route=%2Fwp%2Fv2%2Fcategories&post=11615"},{"taxonomy":"post_tag","embeddable":true,"href":"https:\/\/haberbesiktas.tr\/index.php?rest_route=%2Fwp%2Fv2%2Ftags&post=11615"}],"curies":[{"name":"wp","href":"https:\/\/api.w.org\/{rel}","templated":true}]}}